{"id":23596,"date":"2018-05-08T16:05:12","date_gmt":"2018-05-08T20:05:12","guid":{"rendered":"https:\/\/www.federated.ca\/blog\/non-classifiee\/work-life-balance-apps\/"},"modified":"2022-01-04T14:09:39","modified_gmt":"2022-01-04T19:09:39","slug":"applications-conciliation-travail-famille","status":"publish","type":"post","link":"https:\/\/www.federated.ca\/fr\/blog\/petites-entreprises\/applications-conciliation-travail-famille\/","title":{"rendered":"Cinq applis pour vous aider avec la conciliation travail-famille"},"content":{"rendered":"<p>Nombreux sont ceux qui ont l\u2019objectif d\u2019atteindre un sain \u00e9quilibre entre travail et vie personnelle, peu importe leur domaine professionnel. <a href=\"https:\/\/www.theglobeandmail.com\/life\/holiday-guide\/holiday-survival-guide\/you-in-review-how-globe-readers-felt-about-2014\/article22177449\/\">Une \u00e9tude<\/a>\u00a0r\u00e9alis\u00e9e par le\u00a0<em>Globe and Mail<\/em>\u00a0aupr\u00e8s de plus de 2\u00a0700\u00a0de ses lecteurs r\u00e9v\u00e8le que le travail \u00e9tait la principale source de stress chez les Canadiens en 2014, devant des cat\u00e9gories comme la famille, l\u2019argent et les relations amoureuses. <a href=\"https:\/\/www.theglobeandmail.com\/report-on-business\/careers\/career-advice\/life-at-work\/survey-says-were-stressed-and-not-loving-it\/article22722102\/\">Selon un sondage du m\u00eame quotidien r\u00e9alis\u00e9 aupr\u00e8s de 7\u00a0300\u00a0personnes<\/a>, plus de la moiti\u00e9 des travailleurs ont du mal \u00e0 concilier leurs exigences professionnelles et leurs responsabilit\u00e9s familiales.<\/p>\n<p>Il n\u2019est donc pas \u00e9tonnant qu\u2019on souhaite corriger certains d\u00e9s\u00e9quilibres. Or, vous le savez, concilier travail et vie personnelle est plus difficile qu\u2019il n\u2019en para\u00eet. Au fil des mois, des semaines ou m\u00eame des jours, les anciennes habitudes refont tranquillement surface.<\/p>\n<p>Pour vous aider \u00e0 maintenir le cap, nous vous proposons cinq applications qui peuvent vous aider \u00e0 adopter un mode de vie \u00e9quilibr\u00e9.<\/p>\n<h4><a href=\"http:\/\/www.wonderapps.se\/atracker\/\"><strong>ATracker<\/strong><\/a><strong> \u2013 la gestion du temps au bout des doigts.<\/strong><\/h4>\n<p>Pour certains, l\u2019\u00e9quilibre travail-famille est inatteignable simplement parce que leur gestion du temps est d\u00e9ficiente. En effet, une fois les habitudes quotidiennes bien ancr\u00e9es, il peut \u00eatre difficile de cerner les t\u00e2ches auxquelles il faudrait accorder plus de temps ou moins. L\u2019application ATracker vous permet de d\u00e9finir vos t\u00e2ches quotidiennes et de faire le suivi du temps que vous consacrez \u00e0 chacune. Gr\u00e2ce \u00e0 cet outil, vous pouvez savoir si vous accordez trop de temps ou trop peu \u00e0 certaines t\u00e2ches, pour ensuite modifier votre horaire en cons\u00e9quence.<\/p>\n<p>Le fonctionnement de l\u2019application est simple; il suffit de toucher l\u2019\u00e9cran pour commencer puis arr\u00eater le calcul du temps. L\u2019outil est polyvalent et vous permet de faire le suivi de toutes sortes de t\u00e2ches, du travail quotidien aux t\u00e2ches m\u00e9nag\u00e8res, en passant par les loisirs.<\/p>\n<h4><a href=\"https:\/\/www.happier.com\/\"><strong>Happier<\/strong><\/a><strong>\u00a0\u2013\u00a0une communaut\u00e9 qui fait du bien.<\/strong><\/h4>\n<p>Selon un <a href=\"http:\/\/ici.radio-canada.ca\/nouvelle\/1023239\/onu-organisation-des-nations-unies-bonheur-classement-mondial-norvege-danemark-canada\">rapport de 2017 dans lequel 155 pays sont class\u00e9s selon une \u00e9chelle du bonheur,<\/a> le Canada occupe la septi\u00e8me place. Il s\u2019agit bien entendu d\u2019un rang enviable; n\u00e9anmoins, c\u2019est un recul d\u2019une place par rapport \u00e0 2016.<\/p>\n<blockquote><p>Selon un rapport de 2017 dans lequel 155 pays sont class\u00e9s selon une \u00e9chelle du bonheur, le Canada occupe la septi\u00e8me place.<\/p><\/blockquote>\n<p>La cl\u00e9 d\u2019une vie \u00e9quilibr\u00e9e, c\u2019est de rester positif, car nous gaspillons notre temps et notre \u00e9nergie si nous nous concentrons sur le n\u00e9gatif. Cependant, \u00eatre positif n\u2019est pas toujours facile. Nous nous perdons dans nos probl\u00e8mes personnels et oublions d\u2019\u00eatre reconnaissants pour ce que nous avons. L\u2019objectif de l\u2019application Happier, cr\u00e9\u00e9e par <a href=\"https:\/\/www.youtube.com\/watch?v=tKaCN0-kpVE\">Nataly Kogan, est de nous aider \u00e0 renverser la vapeur.<\/a><\/p>\n<p>L\u2019application permet de cr\u00e9er un environnement positif gr\u00e2ce \u00e0 des cours gratuits promouvant la sant\u00e9 et le bonheur, et \u00e0 une plateforme o\u00f9 les membres peuvent faire part de moments qui leur ont procur\u00e9 de la joie. De fa\u00e7on similaire \u00e0 Instagram et \u00e0 Facebook, les membres peuvent publier des photos prises lors de moments heureux de leur vie, et d\u2019autres peuvent r\u00e9agir par un sourire \u00e0 leurs publications. Cette communaut\u00e9 dynamique pourrait \u00eatre l\u2019outil tout indiqu\u00e9 pour \u00e9gayer un long trajet ou faire baisser le stress apr\u00e8s une rude journ\u00e9e de travail.<\/p>\n<h4><a href=\"https:\/\/www.mint.com\/\"><strong>Mint<\/strong><\/a><strong>\u00a0\u2013\u00a0la gestion financi\u00e8re simplifi\u00e9e.<\/strong><\/h4>\n<p>M\u00eame si l\u2019argent n\u2019\u00e9tait pas une des premi\u00e8res pr\u00e9occupations des r\u00e9pondants sond\u00e9s par le <em>Globe\u00a0and\u00a0Mail<\/em>, l\u2019aspect financier du quotidien peut venir alourdir un fardeau d\u00e9j\u00e0 \u00e9crasant. Devoir g\u00e9rer les finances en plus de r\u00e9pondre aux exigences de la vie professionnelle et quotidienne peut \u00eatre difficile et faire en sorte que vous avez moins de temps \u00e0 consacrer \u00e0 votre travail, \u00e0 votre famille et \u00e0 vos loisirs.<\/p>\n<p>Mint, une application de gestion financi\u00e8re, constitue la plateforme id\u00e9ale pour faire le suivi de toutes vos finances au m\u00eame endroit et vous \u00e9viter de vous faire du souci au sujet de votre compte bancaire. Les utilisateurs peuvent synchroniser leurs comptes bancaires et leurs cartes de cr\u00e9dit avec l\u2019application pour conna\u00eetre le montant et la nature de leurs d\u00e9penses. Il est \u00e9galement possible d\u2019\u00e9tablir des budgets, de faire le suivi des factures \u00e0 payer, de planifier des paiements et de conna\u00eetre sa cote de cr\u00e9dit. L\u2019application peut m\u00eame vous faire des suggestions en fonction de vos d\u00e9penses et de votre budget.<\/p>\n<h4><a href=\"https:\/\/itunes.apple.com\/us\/app\/simply-yoga-free-personal\/id413817051?mt=8\"><strong>Simply Yoga<\/strong><\/a><strong>\u00a0\u2013 <\/strong><strong>du yoga pour emporter.<\/strong><\/h4>\n<p>C\u2019est beaucoup plus facile de se concentrer sur son travail, puis de se consacrer \u00e0 sa famille quand le corps et l\u2019esprit sont bien d\u00e9tendus. Le yoga est un excellent exercice, tant physique que mental. Et pour ces semaines trop occup\u00e9es au bureau, o\u00f9 vous n\u2019avez pas le temps d\u2019attraper votre tapis et de vous rendre \u00e0 votre studio de yoga, Simply\u00a0Yoga pourrait \u00eatre la solution.<\/p>\n<p>Simply Yoga vous propose des s\u00e9ances de yoga que vous pouvez suivre facilement \u00e0 la maison, ou m\u00eame dans une chambre d\u2019h\u00f4tel ou lors d\u2019un voyage d\u2019affaires. Les s\u00e9ances, de 20, 40 ou 60\u00a0minutes, comportent plus de 60\u00a0poses dont la d\u00e9monstration est faite par un entra\u00eeneur personnel certifi\u00e9. Et nous ne sommes pas les seuls \u00e0 le dire\u00a0: Simply Yoga a \u00e9t\u00e9 recommand\u00e9e par le <a href=\"https:\/\/www.huffingtonpost.com\/ellevate\/6-apps-for-better-work-li_b_10382612.html\"><em>Huffington Post<\/em><\/a> et le <a href=\"https:\/\/www.businessnewsdaily.com\/work-life-balance\/\"><em>Business News Daily<\/em><\/a> pour ceux qui cherchent \u00e0 am\u00e9liorer l\u2019\u00e9quilibre entre leur vie professionnelle et personnelle.<\/p>\n<h4><a href=\"https:\/\/www.sleepcycle.com\/\"><strong>Sleep Cycle<\/strong><\/a> <strong>\u2013 se lever \u00e0 la bonne heure.<\/strong><\/h4>\n<p>Dormir suffisamment est tr\u00e8s important, et pas seulement pour votre sant\u00e9, mais \u00e9galement pour votre productivit\u00e9 durant la journ\u00e9e. Si vous \u00eatre trop fatigu\u00e9 parce que vous n\u2019avez pas assez dormi, et que votre travail en souffre, vous pourriez devoir passer plus de temps au bureau et moins de temps \u00e0 la maison avec votre famille ou vos amis.<\/p>\n<p>Les mauvaises habitudes de sommeil peuvent \u00e9galement entra\u00eener un <a href=\"http:\/\/www.lapresse.ca\/vivre\/201707\/31\/01-5120748-le-manque-de-sommeil-pourrait-faire-grossir.php\">gain de poids,<\/a> une hausse des <a href=\"https:\/\/jamanetwork.com\/journals\/jamapsychiatry\/fullarticle\/1370486\">accidents de travail<\/a>, des probl\u00e8mes de concentration et une hausse des risques d\u2019<a href=\"https:\/\/well.blogs.nytimes.com\/2015\/09\/02\/short-sleepers-may-catch-more-colds\/\">attraper un rhume<\/a>.<\/p>\n<p>Sleep Cycle, une application encens\u00e9e par le <a href=\"http:\/\/www.nytimes.com\/2013\/08\/15\/technology\/personaltech\/turning-to-your-phone-for-a-better-nights-sleep.html\"><em>New York Times<\/em><\/a>, <a href=\"http:\/\/www.cnn.com\/2012\/11\/01\/health\/10-great-mobile-apps\/index.html\">CNN<\/a> et <a href=\"https:\/\/www.theguardian.com\/technology\/2016\/may\/16\/life-hacks-apps-sleep-time-pay-wallet-competent-adukt\"><em>The Guardian<\/em><\/a>, fait le suivi de la dur\u00e9e et de la qualit\u00e9 du sommeil de ses utilisateurs. L\u2019application \u00e9tablit ensuite un cr\u00e9neau de 30\u00a0minutes en fonction d\u2019une alarme d\u00e9finie. L\u2019application r\u00e9veille l\u2019utilisateur \u00e0 l\u2019int\u00e9rieur de ce cr\u00e9neau de 30\u00a0minutes lorsque le sommeil est le plus l\u00e9ger, ce qui correspond au r\u00e9veil naturel.<\/p>\n<p><em>Le pr\u00e9sent billet est fourni uniquement \u00e0 titre informatif et ne vise pas \u00e0 remplacer les conseils de professionnels.<\/em><em> Nous ne faisons aucune assertion et n\u2019offrons aucune garantie relativement \u00e0 l\u2019exactitude ou \u00e0 l\u2019int\u00e9gralit\u00e9 des renseignements qu\u2019il contient. Nous ne pourrons en aucun cas \u00eatre tenus responsables des pertes pouvant d\u00e9couler de l\u2019utilisation de ces renseignements.<\/em><\/p>\n","protected":false},"excerpt":{"rendered":"<p>Nombreux sont ceux qui ont l\u2019objectif d\u2019atteindre un sain \u00e9quilibre entre travail et vie personnelle, peu importe leur domaine professionnel. Une \u00e9tude\u00a0r\u00e9alis\u00e9e par le\u00a0Globe and Mail\u00a0aupr\u00e8s de plus de 2\u00a0700\u00a0de <a href=\"https:\/\/www.federated.ca\/fr\/blog\/petites-entreprises\/applications-conciliation-travail-famille\/\"> [&#8230;]<\/a><\/p>\n","protected":false},"author":19,"featured_media":23593,"comment_status":"closed","ping_status":"closed","sticky":false,"template":"","format":"standard","meta":{"_acf_changed":false,"footnotes":""},"categories":[163],"tags":[],"class_list":["post-23596","post","type-post","status-publish","format-standard","has-post-thumbnail","hentry","category-petites-entreprises"],"acf":[],"yoast_head":"<!-- This site is optimized with the Yoast SEO Premium plugin v27.4 (Yoast SEO v27.4) - https:\/\/yoast.com\/product\/yoast-seo-premium-wordpress\/ -->\n<title>Cinq applis pour vous aider avec la conciliation travail-famille<\/title>\n<meta name=\"description\" content=\"Trouver le juste \u00e9quilibre entre travail et famille peut \u00eatre difficile. Voici cinq applications qui peuvent vous aider \u00e0 vivre une vie plus harmonieuse.\" \/>\n<meta name=\"robots\" content=\"index, follow, max-snippet:-1, max-image-preview:large, max-video-preview:-1\" \/>\n<link rel=\"canonical\" href=\"https:\/\/www.federated.ca\/fr\/blog\/petites-entreprises\/applications-conciliation-travail-famille\/\" \/>\n<meta property=\"og:locale\" content=\"fr_FR\" \/>\n<meta property=\"og:type\" content=\"article\" \/>\n<meta property=\"og:title\" content=\"Cinq applis pour vous aider avec la conciliation travail-famille\" \/>\n<meta property=\"og:description\" content=\"Nombreux sont ceux qui ont l\u2019objectif d\u2019atteindre un sain \u00e9quilibre entre travail et vie personnelle, peu importe leur domaine professionnel. Une\" \/>\n<meta property=\"og:url\" content=\"https:\/\/www.federated.ca\/fr\/blog\/petites-entreprises\/applications-conciliation-travail-famille\/\" \/>\n<meta property=\"og:site_name\" content=\"La Federated, Compagnie d\u2019assurance du Canada\" \/>\n<meta property=\"article:publisher\" content=\"https:\/\/www.facebook.com\/FedInsCanada\/\" \/>\n<meta property=\"article:published_time\" content=\"2018-05-08T20:05:12+00:00\" \/>\n<meta property=\"article:modified_time\" content=\"2022-01-04T19:09:39+00:00\" \/>\n<meta property=\"og:image\" content=\"https:\/\/www.federated.ca\/wp-content\/uploads\/2018\/01\/work-life-balance.jpg\" \/>\n\t<meta property=\"og:image:width\" content=\"2120\" \/>\n\t<meta property=\"og:image:height\" content=\"909\" \/>\n\t<meta property=\"og:image:type\" content=\"image\/jpeg\" \/>\n<meta name=\"author\" content=\"Ellen Brait\" \/>\n<meta name=\"twitter:label1\" content=\"\u00c9crit par\" \/>\n\t<meta name=\"twitter:data1\" content=\"Ellen Brait\" \/>\n\t<meta name=\"twitter:label2\" content=\"Dur\u00e9e de lecture estim\u00e9e\" \/>\n\t<meta name=\"twitter:data2\" content=\"6 minutes\" \/>\n<script type=\"application\/ld+json\" class=\"yoast-schema-graph\">{\"@context\":\"https:\\\/\\\/schema.org\",\"@graph\":[{\"@type\":\"Article\",\"@id\":\"https:\\\/\\\/www.federated.ca\\\/fr\\\/blog\\\/petites-entreprises\\\/applications-conciliation-travail-famille\\\/#article\",\"isPartOf\":{\"@id\":\"https:\\\/\\\/www.federated.ca\\\/fr\\\/blog\\\/petites-entreprises\\\/applications-conciliation-travail-famille\\\/\"},\"author\":{\"name\":\"Ellen Brait\",\"@id\":\"https:\\\/\\\/www.federated.ca\\\/fr\\\/#\\\/schema\\\/person\\\/0f1d7a31d13f94af7d7b7ed870e2e655\"},\"headline\":\"Cinq applis pour vous aider avec la conciliation travail-famille\",\"datePublished\":\"2018-05-08T20:05:12+00:00\",\"dateModified\":\"2022-01-04T19:09:39+00:00\",\"mainEntityOfPage\":{\"@id\":\"https:\\\/\\\/www.federated.ca\\\/fr\\\/blog\\\/petites-entreprises\\\/applications-conciliation-travail-famille\\\/\"},\"wordCount\":1179,\"publisher\":{\"@id\":\"https:\\\/\\\/www.federated.ca\\\/fr\\\/#organization\"},\"image\":{\"@id\":\"https:\\\/\\\/www.federated.ca\\\/fr\\\/blog\\\/petites-entreprises\\\/applications-conciliation-travail-famille\\\/#primaryimage\"},\"thumbnailUrl\":\"https:\\\/\\\/www.federated.ca\\\/wp-content\\\/uploads\\\/2018\\\/01\\\/work-life-balance.jpg\",\"articleSection\":[\"Petites entreprises\"],\"inLanguage\":\"fr-FR\"},{\"@type\":\"WebPage\",\"@id\":\"https:\\\/\\\/www.federated.ca\\\/fr\\\/blog\\\/petites-entreprises\\\/applications-conciliation-travail-famille\\\/\",\"url\":\"https:\\\/\\\/www.federated.ca\\\/fr\\\/blog\\\/petites-entreprises\\\/applications-conciliation-travail-famille\\\/\",\"name\":\"Cinq applis pour vous aider avec la conciliation travail-famille\",\"isPartOf\":{\"@id\":\"https:\\\/\\\/www.federated.ca\\\/fr\\\/#website\"},\"primaryImageOfPage\":{\"@id\":\"https:\\\/\\\/www.federated.ca\\\/fr\\\/blog\\\/petites-entreprises\\\/applications-conciliation-travail-famille\\\/#primaryimage\"},\"image\":{\"@id\":\"https:\\\/\\\/www.federated.ca\\\/fr\\\/blog\\\/petites-entreprises\\\/applications-conciliation-travail-famille\\\/#primaryimage\"},\"thumbnailUrl\":\"https:\\\/\\\/www.federated.ca\\\/wp-content\\\/uploads\\\/2018\\\/01\\\/work-life-balance.jpg\",\"datePublished\":\"2018-05-08T20:05:12+00:00\",\"dateModified\":\"2022-01-04T19:09:39+00:00\",\"description\":\"Trouver le juste \u00e9quilibre entre travail et famille peut \u00eatre difficile. Voici cinq applications qui peuvent vous aider \u00e0 vivre une vie plus harmonieuse.\",\"breadcrumb\":{\"@id\":\"https:\\\/\\\/www.federated.ca\\\/fr\\\/blog\\\/petites-entreprises\\\/applications-conciliation-travail-famille\\\/#breadcrumb\"},\"inLanguage\":\"fr-FR\",\"potentialAction\":[{\"@type\":\"ReadAction\",\"target\":[\"https:\\\/\\\/www.federated.ca\\\/fr\\\/blog\\\/petites-entreprises\\\/applications-conciliation-travail-famille\\\/\"]}]},{\"@type\":\"ImageObject\",\"inLanguage\":\"fr-FR\",\"@id\":\"https:\\\/\\\/www.federated.ca\\\/fr\\\/blog\\\/petites-entreprises\\\/applications-conciliation-travail-famille\\\/#primaryimage\",\"url\":\"https:\\\/\\\/www.federated.ca\\\/wp-content\\\/uploads\\\/2018\\\/01\\\/work-life-balance.jpg\",\"contentUrl\":\"https:\\\/\\\/www.federated.ca\\\/wp-content\\\/uploads\\\/2018\\\/01\\\/work-life-balance.jpg\",\"width\":2120,\"height\":909,\"caption\":\"side view of african-american father and son using laptop while sitting together in office\"},{\"@type\":\"BreadcrumbList\",\"@id\":\"https:\\\/\\\/www.federated.ca\\\/fr\\\/blog\\\/petites-entreprises\\\/applications-conciliation-travail-famille\\\/#breadcrumb\",\"itemListElement\":[{\"@type\":\"ListItem\",\"position\":1,\"name\":\"Home\",\"item\":\"https:\\\/\\\/www.federated.ca\\\/fr\\\/\"},{\"@type\":\"ListItem\",\"position\":2,\"name\":\"Cinq applis pour vous aider avec la conciliation travail-famille\"}]},{\"@type\":\"WebSite\",\"@id\":\"https:\\\/\\\/www.federated.ca\\\/fr\\\/#website\",\"url\":\"https:\\\/\\\/www.federated.ca\\\/fr\\\/\",\"name\":\"Federated Insurance Company of Canada\",\"description\":\"La s\u00e9curit\u00e9 de votre entreprise en t\u00eate\",\"publisher\":{\"@id\":\"https:\\\/\\\/www.federated.ca\\\/fr\\\/#organization\"},\"potentialAction\":[{\"@type\":\"SearchAction\",\"target\":{\"@type\":\"EntryPoint\",\"urlTemplate\":\"https:\\\/\\\/www.federated.ca\\\/fr\\\/?s={search_term_string}\"},\"query-input\":{\"@type\":\"PropertyValueSpecification\",\"valueRequired\":true,\"valueName\":\"search_term_string\"}}],\"inLanguage\":\"fr-FR\"},{\"@type\":\"Organization\",\"@id\":\"https:\\\/\\\/www.federated.ca\\\/fr\\\/#organization\",\"name\":\"Les assurances Federated\",\"url\":\"https:\\\/\\\/www.federated.ca\\\/fr\\\/\",\"logo\":{\"@type\":\"ImageObject\",\"inLanguage\":\"fr-FR\",\"@id\":\"https:\\\/\\\/www.federated.ca\\\/fr\\\/#\\\/schema\\\/logo\\\/image\\\/\",\"url\":\"https:\\\/\\\/www.federated.ca\\\/wp-content\\\/uploads\\\/2015\\\/03\\\/FED_ENG_NOtag_shiftnav_210x52.png\",\"contentUrl\":\"https:\\\/\\\/www.federated.ca\\\/wp-content\\\/uploads\\\/2015\\\/03\\\/FED_ENG_NOtag_shiftnav_210x52.png\",\"width\":210,\"height\":52,\"caption\":\"Les assurances Federated\"},\"image\":{\"@id\":\"https:\\\/\\\/www.federated.ca\\\/fr\\\/#\\\/schema\\\/logo\\\/image\\\/\"},\"sameAs\":[\"https:\\\/\\\/www.facebook.com\\\/FedInsCanada\\\/\",\"https:\\\/\\\/www.instagram.com\\\/federatedinsuranceca\\\/\",\"https:\\\/\\\/www.linkedin.com\\\/authwall?trk=ripf&amp;amp;amp;trkInfo=AQExgtg9_9rmAQAAAVx-tQL4XBOielaWooxEaw4kQGfXIqAVlPw7IbVWBdg-4ezDWDNXO2cp0GXtaWrXpPlk3S8ZhjlEcvoxf5Jti8CypWckNTc3e85aDADZtFHeDNEVc5LgQ80=&amp;amp;amp;originalReferer=http:\\\/\\\/avada.federated.ca\\\/business-insurance\\\/automotive-dealers-insurance\\\/&amp;amp;amp;sessionRedirect=https:\\\/\\\/www.linkedin.com\\\/company\\\/federated-insurance\",\"https:\\\/\\\/www.youtube.com\\\/channel\\\/UC2TYZAr9C3puo4Tvg9Q151Q\"],\"description\":\"With Federated Insurance, you work directly with an industry expert who is committed to understanding the unique risks and opportunities associated with your business. With a dedicated agent and risk management team on your side, you will always get the right coverage for your company and can focus on what matters most. Trust. Advise. Protect.\",\"email\":\"info@federated.ca\",\"telephone\":\"1.844.628.6800\",\"legalName\":\"Federated Insurance\"},{\"@type\":\"Person\",\"@id\":\"https:\\\/\\\/www.federated.ca\\\/fr\\\/#\\\/schema\\\/person\\\/0f1d7a31d13f94af7d7b7ed870e2e655\",\"name\":\"Ellen Brait\"}]}<\/script>\n<!-- \/ Yoast SEO Premium plugin. -->","yoast_head_json":{"title":"Cinq applis pour vous aider avec la conciliation travail-famille","description":"Trouver le juste \u00e9quilibre entre travail et famille peut \u00eatre difficile. Voici cinq applications qui peuvent vous aider \u00e0 vivre une vie plus harmonieuse.","robots":{"index":"index","follow":"follow","max-snippet":"max-snippet:-1","max-image-preview":"max-image-preview:large","max-video-preview":"max-video-preview:-1"},"canonical":"https:\/\/www.federated.ca\/fr\/blog\/petites-entreprises\/applications-conciliation-travail-famille\/","og_locale":"fr_FR","og_type":"article","og_title":"Cinq applis pour vous aider avec la conciliation travail-famille","og_description":"Nombreux sont ceux qui ont l\u2019objectif d\u2019atteindre un sain \u00e9quilibre entre travail et vie personnelle, peu importe leur domaine professionnel. Une","og_url":"https:\/\/www.federated.ca\/fr\/blog\/petites-entreprises\/applications-conciliation-travail-famille\/","og_site_name":"La Federated, Compagnie d\u2019assurance du Canada","article_publisher":"https:\/\/www.facebook.com\/FedInsCanada\/","article_published_time":"2018-05-08T20:05:12+00:00","article_modified_time":"2022-01-04T19:09:39+00:00","og_image":[{"width":2120,"height":909,"url":"https:\/\/www.federated.ca\/wp-content\/uploads\/2018\/01\/work-life-balance.jpg","type":"image\/jpeg"}],"author":"Ellen Brait","twitter_misc":{"\u00c9crit par":"Ellen Brait","Dur\u00e9e de lecture estim\u00e9e":"6 minutes"},"schema":{"@context":"https:\/\/schema.org","@graph":[{"@type":"Article","@id":"https:\/\/www.federated.ca\/fr\/blog\/petites-entreprises\/applications-conciliation-travail-famille\/#article","isPartOf":{"@id":"https:\/\/www.federated.ca\/fr\/blog\/petites-entreprises\/applications-conciliation-travail-famille\/"},"author":{"name":"Ellen Brait","@id":"https:\/\/www.federated.ca\/fr\/#\/schema\/person\/0f1d7a31d13f94af7d7b7ed870e2e655"},"headline":"Cinq applis pour vous aider avec la conciliation travail-famille","datePublished":"2018-05-08T20:05:12+00:00","dateModified":"2022-01-04T19:09:39+00:00","mainEntityOfPage":{"@id":"https:\/\/www.federated.ca\/fr\/blog\/petites-entreprises\/applications-conciliation-travail-famille\/"},"wordCount":1179,"publisher":{"@id":"https:\/\/www.federated.ca\/fr\/#organization"},"image":{"@id":"https:\/\/www.federated.ca\/fr\/blog\/petites-entreprises\/applications-conciliation-travail-famille\/#primaryimage"},"thumbnailUrl":"https:\/\/www.federated.ca\/wp-content\/uploads\/2018\/01\/work-life-balance.jpg","articleSection":["Petites entreprises"],"inLanguage":"fr-FR"},{"@type":"WebPage","@id":"https:\/\/www.federated.ca\/fr\/blog\/petites-entreprises\/applications-conciliation-travail-famille\/","url":"https:\/\/www.federated.ca\/fr\/blog\/petites-entreprises\/applications-conciliation-travail-famille\/","name":"Cinq applis pour vous aider avec la conciliation travail-famille","isPartOf":{"@id":"https:\/\/www.federated.ca\/fr\/#website"},"primaryImageOfPage":{"@id":"https:\/\/www.federated.ca\/fr\/blog\/petites-entreprises\/applications-conciliation-travail-famille\/#primaryimage"},"image":{"@id":"https:\/\/www.federated.ca\/fr\/blog\/petites-entreprises\/applications-conciliation-travail-famille\/#primaryimage"},"thumbnailUrl":"https:\/\/www.federated.ca\/wp-content\/uploads\/2018\/01\/work-life-balance.jpg","datePublished":"2018-05-08T20:05:12+00:00","dateModified":"2022-01-04T19:09:39+00:00","description":"Trouver le juste \u00e9quilibre entre travail et famille peut \u00eatre difficile. Voici cinq applications qui peuvent vous aider \u00e0 vivre une vie plus harmonieuse.","breadcrumb":{"@id":"https:\/\/www.federated.ca\/fr\/blog\/petites-entreprises\/applications-conciliation-travail-famille\/#breadcrumb"},"inLanguage":"fr-FR","potentialAction":[{"@type":"ReadAction","target":["https:\/\/www.federated.ca\/fr\/blog\/petites-entreprises\/applications-conciliation-travail-famille\/"]}]},{"@type":"ImageObject","inLanguage":"fr-FR","@id":"https:\/\/www.federated.ca\/fr\/blog\/petites-entreprises\/applications-conciliation-travail-famille\/#primaryimage","url":"https:\/\/www.federated.ca\/wp-content\/uploads\/2018\/01\/work-life-balance.jpg","contentUrl":"https:\/\/www.federated.ca\/wp-content\/uploads\/2018\/01\/work-life-balance.jpg","width":2120,"height":909,"caption":"side view of african-american father and son using laptop while sitting together in office"},{"@type":"BreadcrumbList","@id":"https:\/\/www.federated.ca\/fr\/blog\/petites-entreprises\/applications-conciliation-travail-famille\/#breadcrumb","itemListElement":[{"@type":"ListItem","position":1,"name":"Home","item":"https:\/\/www.federated.ca\/fr\/"},{"@type":"ListItem","position":2,"name":"Cinq applis pour vous aider avec la conciliation travail-famille"}]},{"@type":"WebSite","@id":"https:\/\/www.federated.ca\/fr\/#website","url":"https:\/\/www.federated.ca\/fr\/","name":"Federated Insurance Company of Canada","description":"La s\u00e9curit\u00e9 de votre entreprise en t\u00eate","publisher":{"@id":"https:\/\/www.federated.ca\/fr\/#organization"},"potentialAction":[{"@type":"SearchAction","target":{"@type":"EntryPoint","urlTemplate":"https:\/\/www.federated.ca\/fr\/?s={search_term_string}"},"query-input":{"@type":"PropertyValueSpecification","valueRequired":true,"valueName":"search_term_string"}}],"inLanguage":"fr-FR"},{"@type":"Organization","@id":"https:\/\/www.federated.ca\/fr\/#organization","name":"Les assurances Federated","url":"https:\/\/www.federated.ca\/fr\/","logo":{"@type":"ImageObject","inLanguage":"fr-FR","@id":"https:\/\/www.federated.ca\/fr\/#\/schema\/logo\/image\/","url":"https:\/\/www.federated.ca\/wp-content\/uploads\/2015\/03\/FED_ENG_NOtag_shiftnav_210x52.png","contentUrl":"https:\/\/www.federated.ca\/wp-content\/uploads\/2015\/03\/FED_ENG_NOtag_shiftnav_210x52.png","width":210,"height":52,"caption":"Les assurances Federated"},"image":{"@id":"https:\/\/www.federated.ca\/fr\/#\/schema\/logo\/image\/"},"sameAs":["https:\/\/www.facebook.com\/FedInsCanada\/","https:\/\/www.instagram.com\/federatedinsuranceca\/","https:\/\/www.linkedin.com\/authwall?trk=ripf&amp;amp;amp;trkInfo=AQExgtg9_9rmAQAAAVx-tQL4XBOielaWooxEaw4kQGfXIqAVlPw7IbVWBdg-4ezDWDNXO2cp0GXtaWrXpPlk3S8ZhjlEcvoxf5Jti8CypWckNTc3e85aDADZtFHeDNEVc5LgQ80=&amp;amp;amp;originalReferer=http:\/\/avada.federated.ca\/business-insurance\/automotive-dealers-insurance\/&amp;amp;amp;sessionRedirect=https:\/\/www.linkedin.com\/company\/federated-insurance","https:\/\/www.youtube.com\/channel\/UC2TYZAr9C3puo4Tvg9Q151Q"],"description":"With Federated Insurance, you work directly with an industry expert who is committed to understanding the unique risks and opportunities associated with your business. With a dedicated agent and risk management team on your side, you will always get the right coverage for your company and can focus on what matters most. Trust. Advise. Protect.","email":"info@federated.ca","telephone":"1.844.628.6800","legalName":"Federated Insurance"},{"@type":"Person","@id":"https:\/\/www.federated.ca\/fr\/#\/schema\/person\/0f1d7a31d13f94af7d7b7ed870e2e655","name":"Ellen Brait"}]}},"_links":{"self":[{"href":"https:\/\/www.federated.ca\/fr\/wp-json\/wp\/v2\/posts\/23596","targetHints":{"allow":["GET"]}}],"collection":[{"href":"https:\/\/www.federated.ca\/fr\/wp-json\/wp\/v2\/posts"}],"about":[{"href":"https:\/\/www.federated.ca\/fr\/wp-json\/wp\/v2\/types\/post"}],"author":[{"embeddable":true,"href":"https:\/\/www.federated.ca\/fr\/wp-json\/wp\/v2\/users\/19"}],"replies":[{"embeddable":true,"href":"https:\/\/www.federated.ca\/fr\/wp-json\/wp\/v2\/comments?post=23596"}],"version-history":[{"count":0,"href":"https:\/\/www.federated.ca\/fr\/wp-json\/wp\/v2\/posts\/23596\/revisions"}],"wp:featuredmedia":[{"embeddable":true,"href":"https:\/\/www.federated.ca\/fr\/wp-json\/wp\/v2\/media\/23593"}],"wp:attachment":[{"href":"https:\/\/www.federated.ca\/fr\/wp-json\/wp\/v2\/media?parent=23596"}],"wp:term":[{"taxonomy":"category","embeddable":true,"href":"https:\/\/www.federated.ca\/fr\/wp-json\/wp\/v2\/categories?post=23596"},{"taxonomy":"post_tag","embeddable":true,"href":"https:\/\/www.federated.ca\/fr\/wp-json\/wp\/v2\/tags?post=23596"}],"curies":[{"name":"wp","href":"https:\/\/api.w.org\/{rel}","templated":true}]}}