{"id":23877,"date":"2018-01-31T13:09:30","date_gmt":"2018-01-31T18:09:30","guid":{"rendered":"https:\/\/www.federated.ca\/blog\/non-classifiee\/winter-coverage\/"},"modified":"2019-10-15T11:25:21","modified_gmt":"2019-10-15T15:25:21","slug":"assurance-en-hiver","status":"publish","type":"post","link":"https:\/\/www.federated.ca\/fr\/blog\/assurance\/assurance-en-hiver\/","title":{"rendered":"Quelles assurances votre entreprise devrait-elle se procurer pour se prot\u00e9ger cet hiver?"},"content":{"rendered":"<p>Il est important de se prot\u00e9ger avec la bonne assurance tout au long de l&rsquo;ann\u00e9e, puisque chaque saison comporte son lot de risques particuliers.<\/p>\n<p>Cela peut \u00eatre particuli\u00e8rement vrai en hiver. \u00c0 mesure que la temp\u00e9rature baisse, certains risques peuvent devenir plus courants. Hiver peut rimer avec temp\u00eates, trottoirs glissants et conditions routi\u00e8res difficiles. Il est donc important de se pr\u00e9parer \u00e0 affronter ces risques gr\u00e2ce \u00e0 des mesures de pr\u00e9vention et \u00e0 une assurance appropri\u00e9e.<\/p>\n<p>Nous vous pr\u00e9sentons donc trois assurances cl\u00e9s auxquelles vous devriez songer pour prot\u00e9ger votre entreprise cet hiver (et durant les autres saisons). Vous pourrez ainsi passer vos temps libres \u00e0 patiner et \u00e0 savourer un bon chocolat chaud lors des froides journ\u00e9es plut\u00f4t qu\u2019\u00e0 vous pr\u00e9occuper d\u2019un sinistre \u00e9ventuel.<\/p>\n<h4><strong>Assurance des biens des entreprises<\/strong><\/h4>\n<p>Lorsqu\u2019on parle de l\u2019hiver, il n\u2019est pas difficile de penser aux temp\u00eates. Au Canada, lorsque la saison froide s\u2019installe, la neige et les averses sont pratiquement une certitude. M\u00eame si la neige permet de s\u2019amuser en faisant des bonshommes ou des anges de neige, elle peut aussi entra\u00eener des situations d\u00e9sagr\u00e9ables comme des dommages mat\u00e9riels.<\/p>\n<p>Par exemple, une temp\u00eate r\u00e9cente a entra\u00een\u00e9 des dommages mat\u00e9riels en Nouvelle-\u00c9cosse au <a href=\"http:\/\/ici.radio-canada.ca\/nouvelle\/1076356\/pannes-courant-paralysent-milliers-foyers-maritimes-acadie\">d\u00e9but de janvier 2018<\/a>. En raison des forts vents, les bardeaux du toit de certains immeubles se sont envol\u00e9s, et au moins un toit a \u00e9t\u00e9 arrach\u00e9 compl\u00e8tement.<\/p>\n<p>Les inondations sont aussi particuli\u00e8rement inqui\u00e9tantes durant la saison froide puisque le gros des pr\u00e9cipitations s\u2019accumule au sol sous forme de neige et de glace. \u00c0 l\u2019arriv\u00e9e du beau temps, elles fondent, ce qui lib\u00e8re d\u2019immenses quantit\u00e9s d\u2019eau. En fait, <a href=\"https:\/\/www.canada.ca\/fr\/environnement-changement-climatique\/services\/eau-apercu\/volume\/causes-inondation.html\">l\u2019\u00e9coulement caus\u00e9 par la fonte des neiges est la premi\u00e8re cause d\u2019inondations au Canada<\/a>.<\/p>\n<p>Pour contribuer \u00e0 prot\u00e9ger votre entreprise contre les dommages impr\u00e9visibles caus\u00e9s par ce genre d\u2019\u00e9v\u00e9nements, il est essentiel de vous procurer une assurance des biens des entreprises. Cette assurance peut contribuer \u00e0 la protection d\u2019actifs physiques, comme votre \u00e9quipement, vos b\u00e2timents, vos stocks et les biens de tiers. Elle peut \u00e9galement vous aider \u00e0 remplacer les outils vol\u00e9s et \u00e0 assumer certains co\u00fbts associ\u00e9s au vol, et parfois m\u00eame vous indemniser pour la location d\u2019outils entre-temps.<\/p>\n<blockquote><p>L\u2019assurance des biens des entreprises peut contribuer \u00e0 la protection d\u2019actifs physiques, comme vos b\u00e2timents et leur contenu, y compris votre \u00e9quipement, vos meubles, vos outils et les biens de tiers.<\/p><\/blockquote>\n<h4><strong>Assurance de la responsabilit\u00e9 civile des entreprises<\/strong><\/h4>\n<p>Vous devriez \u00eatre bien pr\u00e9par\u00e9 si une personne se blesse sur les lieux de votre entreprise \u00e0 toute p\u00e9riode de l\u2019ann\u00e9e, mais les probabilit\u00e9s qu\u2019une chute survienne sont beaucoup plus \u00e9lev\u00e9es en hiver en raison de la glace et de la neige recouvrant le sol.<\/p>\n<p>Les visiteurs peuvent glisser sur de la glace alors qu\u2019ils se trouvent \u00e0 l\u2019ext\u00e9rieur de votre entreprise, ou m\u00eame faire une chute \u00e0 l\u2019int\u00e9rieur, puisque de l\u2019eau peut facilement s\u2019accumuler sur le sol en hiver. Vous pouvez prendre <a href=\"\/fr\/blog\/prevention-des-risques\/chutes\">certaines mesures<\/a> pour vous aider \u00e0 pr\u00e9venir les blessures, par exemple en v\u00e9rifiant r\u00e9guli\u00e8rement la pr\u00e9sence de neige et de glace dans votre stationnement, en \u00e9pandant du sel pour faire fondre la glace sur le sol, en utilisant des tapis antid\u00e9rapants et en installant des panneaux \u00ab\u00a0plancher mouill\u00e9\u00a0\u00bb au besoin. Il importe de tenir un registre de toutes les activit\u00e9s d\u2019entretien afin d\u2019avoir la preuve que toutes les pr\u00e9cautions n\u00e9cessaires ont \u00e9t\u00e9 prises, en cas de r\u00e9clamation. De plus, le registre aidera vos employ\u00e9s \u00e0 suivre les proc\u00e9dures \u00e9tablies.<\/p>\n<p>Les propri\u00e9taires d\u2019entreprise devraient aussi enlever toute neige ou glace s\u2019\u00e9tant accumul\u00e9e sur le toit de leur immeuble, surtout au-dessus des entr\u00e9es et des trottoirs, afin d\u2019assurer la s\u00e9curit\u00e9 des visiteurs. Des garde-neige peuvent \u00eatre install\u00e9s sur le bord des toitures (surtout celles en m\u00e9tal) afin d\u2019emp\u00eacher la neige et la glace accumul\u00e9e de glisser vers le sol.<\/p>\n<p>Toutefois, m\u00eame si vous prenez de nombreuses mesures pour pr\u00e9venir les blessures, il se peut tout de m\u00eame qu\u2019une personne se blesse et que la responsabilit\u00e9 de cet incident vous incombe.<\/p>\n<p>C\u2019est \u00e0 ce moment qu\u2019une <a href=\"\/fr\/assurance-des-entreprises\/protection-contre-la-responsabilite-civile\/\">assurance de la responsabilit\u00e9 civile des entreprises<\/a>, ou RCE, interviendrait. Une assurance RCE est le pilier de tout programme d\u2019assurance responsabilit\u00e9 pour les propri\u00e9taires d\u2019entreprise et est con\u00e7ue pour vous prot\u00e9ger si vous \u00eates tenu l\u00e9galement responsable de dommages corporels ou mat\u00e9riels subis par un tiers.<\/p>\n<p>Les assurances Federated offre une vaste couverture d\u2019assurance de la responsabilit\u00e9 civile des entreprises qui inclut la responsabilit\u00e9 pour les dommages corporels ou mat\u00e9riels, la responsabilit\u00e9 pour les pr\u00e9judices personnels et d\u00e9coulant de la publicit\u00e9, la responsabilit\u00e9 d\u00e9coulant de l\u2019administration des avantages sociaux et une garantie pour les frais m\u00e9dicaux.<\/p>\n<h4><strong>Assurance automobile des entreprises<\/strong><\/h4>\n<p>Tout comme la chute des visiteurs est une situation inqui\u00e9tante lorsque le sol est glac\u00e9, la perte de ma\u00eetrise de votre v\u00e9hicule est une pr\u00e9occupation importante sur la route en hiver. Vous ne pouvez pas non plus contr\u00f4ler la conduite des autres automobilistes sur les routes enneig\u00e9es, et vous pourriez \u00eatre impliqu\u00e9 dans un accident malgr\u00e9 vous.<\/p>\n<p>C\u2019est pourquoi une <a href=\"\/fr\/assurance-des-entreprises\/protegez-vos-biens\/\">assurance automobile des entreprises<\/a> est si importante. Les assurances Federated vous offre une protection pour vos v\u00e9hicules et contre les dommages subis par un tiers selon la r\u00e9glementation de votre province. De plus, notre assurance automobile des entreprises de base couvre la responsabilit\u00e9 civile li\u00e9e au chargement et au d\u00e9chargement ainsi que les frais de location si vous avez besoin d\u2019un v\u00e9hicule de remplacement temporaire pour voir \u00e0 vos activit\u00e9s courantes apr\u00e8s un accident.<\/p>\n<p>Bien que les assurances pr\u00e9sent\u00e9es ci-dessus soient un bon point de d\u00e9part, elles peuvent ne pas suffire selon l\u2019industrie dans laquelle vous travaillez et la nature de vos activit\u00e9s. Vous voulez en savoir plus sur la fa\u00e7on de choisir la bonne assurance pour vous? Nos experts en la mati\u00e8re sont \u00e0 votre disposition\u00a0: <a href=\"\/fr\/assurance-des-entreprises\/protegez-vos-biens\/\">d\u00e9couvrez ce que nous pouvons faire pour votre entreprise d\u00e8s aujourd\u2019hui<\/a>!<\/p>\n<p><em>Le pr\u00e9sent billet est fourni uniquement \u00e0 titre informatif et ne vise pas \u00e0 remplacer les conseils de professionnels.<\/em><em> Nous ne faisons aucune assertion et n\u2019offrons aucune garantie relativement \u00e0 l\u2019exactitude ou \u00e0 l\u2019int\u00e9gralit\u00e9 des renseignements qu\u2019il contient. Nous ne pourrons en aucun cas \u00eatre tenus responsables des pertes pouvant d\u00e9couler de l\u2019utilisation de ces renseignements.<\/em><\/p>\n","protected":false},"excerpt":{"rendered":"<p>Il est important de se prot\u00e9ger avec la bonne assurance tout au long de l&rsquo;ann\u00e9e, puisque chaque saison comporte son lot de risques particuliers. Cela peut \u00eatre particuli\u00e8rement vrai en <a href=\"https:\/\/www.federated.ca\/fr\/blog\/assurance\/assurance-en-hiver\/\"> [&#8230;]<\/a><\/p>\n","protected":false},"author":19,"featured_media":23875,"comment_status":"closed","ping_status":"closed","sticky":false,"template":"","format":"standard","meta":{"_acf_changed":false,"footnotes":""},"categories":[815],"tags":[],"class_list":["post-23877","post","type-post","status-publish","format-standard","has-post-thumbnail","hentry","category-assurance"],"acf":[],"yoast_head":"<!-- This site is optimized with the Yoast SEO Premium plugin v27.4 (Yoast SEO v27.5) - https:\/\/yoast.com\/product\/yoast-seo-premium-wordpress\/ -->\n<title>Quelles assurances votre entreprise devrait-elle se procurer pour se prot\u00e9ger cet hiver?<\/title>\n<meta name=\"description\" content=\"Quelle assurance votre entreprise devrait-elle se procurer pour se prot\u00e9ger contre les temp\u00eates et les averses hivernales, et tout ce qu\u2019elles entra\u00eenent?\" \/>\n<meta name=\"robots\" content=\"index, follow, max-snippet:-1, max-image-preview:large, max-video-preview:-1\" \/>\n<link rel=\"canonical\" href=\"https:\/\/www.federated.ca\/fr\/blog\/assurance\/assurance-en-hiver\/\" \/>\n<meta property=\"og:locale\" content=\"fr_FR\" \/>\n<meta property=\"og:type\" content=\"article\" \/>\n<meta property=\"og:title\" content=\"Quelles assurances votre entreprise devrait-elle se procurer pour se prot\u00e9ger cet hiver?\" \/>\n<meta property=\"og:description\" content=\"Il est important de se prot\u00e9ger avec la bonne assurance tout au long de l&#039;ann\u00e9e, puisque chaque saison comporte son lot de risques particuliers. Cela peut\" \/>\n<meta property=\"og:url\" content=\"https:\/\/www.federated.ca\/fr\/blog\/assurance\/assurance-en-hiver\/\" \/>\n<meta property=\"og:site_name\" content=\"La Federated, Compagnie d\u2019assurance du Canada\" \/>\n<meta property=\"article:publisher\" content=\"https:\/\/www.facebook.com\/FedInsCanada\/\" \/>\n<meta property=\"article:published_time\" content=\"2018-01-31T18:09:30+00:00\" \/>\n<meta property=\"article:modified_time\" content=\"2019-10-15T15:25:21+00:00\" \/>\n<meta property=\"og:image\" content=\"https:\/\/www.federated.ca\/wp-content\/uploads\/2018\/01\/winter-coverage2-1030x441.jpg\" \/>\n\t<meta property=\"og:image:width\" content=\"1030\" \/>\n\t<meta property=\"og:image:height\" content=\"441\" \/>\n\t<meta property=\"og:image:type\" content=\"image\/jpeg\" \/>\n<meta name=\"author\" content=\"Ellen Brait\" \/>\n<meta name=\"twitter:label1\" content=\"\u00c9crit par\" \/>\n\t<meta name=\"twitter:data1\" content=\"Ellen Brait\" \/>\n\t<meta name=\"twitter:label2\" content=\"Dur\u00e9e de lecture estim\u00e9e\" \/>\n\t<meta name=\"twitter:data2\" content=\"6 minutes\" \/>\n<script type=\"application\/ld+json\" class=\"yoast-schema-graph\">{\"@context\":\"https:\\\/\\\/schema.org\",\"@graph\":[{\"@type\":\"Article\",\"@id\":\"https:\\\/\\\/www.federated.ca\\\/fr\\\/blog\\\/assurance\\\/assurance-en-hiver\\\/#article\",\"isPartOf\":{\"@id\":\"https:\\\/\\\/www.federated.ca\\\/fr\\\/blog\\\/assurance\\\/assurance-en-hiver\\\/\"},\"author\":{\"name\":\"Ellen Brait\",\"@id\":\"https:\\\/\\\/www.federated.ca\\\/fr\\\/#\\\/schema\\\/person\\\/0f1d7a31d13f94af7d7b7ed870e2e655\"},\"headline\":\"Quelles assurances votre entreprise devrait-elle se procurer pour se prot\u00e9ger cet hiver?\",\"datePublished\":\"2018-01-31T18:09:30+00:00\",\"dateModified\":\"2019-10-15T15:25:21+00:00\",\"mainEntityOfPage\":{\"@id\":\"https:\\\/\\\/www.federated.ca\\\/fr\\\/blog\\\/assurance\\\/assurance-en-hiver\\\/\"},\"wordCount\":1161,\"publisher\":{\"@id\":\"https:\\\/\\\/www.federated.ca\\\/fr\\\/#organization\"},\"image\":{\"@id\":\"https:\\\/\\\/www.federated.ca\\\/fr\\\/blog\\\/assurance\\\/assurance-en-hiver\\\/#primaryimage\"},\"thumbnailUrl\":\"https:\\\/\\\/www.federated.ca\\\/wp-content\\\/uploads\\\/2018\\\/01\\\/winter-coverage2.jpg\",\"articleSection\":[\"Assurance\"],\"inLanguage\":\"fr-FR\"},{\"@type\":\"WebPage\",\"@id\":\"https:\\\/\\\/www.federated.ca\\\/fr\\\/blog\\\/assurance\\\/assurance-en-hiver\\\/\",\"url\":\"https:\\\/\\\/www.federated.ca\\\/fr\\\/blog\\\/assurance\\\/assurance-en-hiver\\\/\",\"name\":\"Quelles assurances votre entreprise devrait-elle se procurer pour se prot\u00e9ger cet hiver?\",\"isPartOf\":{\"@id\":\"https:\\\/\\\/www.federated.ca\\\/fr\\\/#website\"},\"primaryImageOfPage\":{\"@id\":\"https:\\\/\\\/www.federated.ca\\\/fr\\\/blog\\\/assurance\\\/assurance-en-hiver\\\/#primaryimage\"},\"image\":{\"@id\":\"https:\\\/\\\/www.federated.ca\\\/fr\\\/blog\\\/assurance\\\/assurance-en-hiver\\\/#primaryimage\"},\"thumbnailUrl\":\"https:\\\/\\\/www.federated.ca\\\/wp-content\\\/uploads\\\/2018\\\/01\\\/winter-coverage2.jpg\",\"datePublished\":\"2018-01-31T18:09:30+00:00\",\"dateModified\":\"2019-10-15T15:25:21+00:00\",\"description\":\"Quelle assurance votre entreprise devrait-elle se procurer pour se prot\u00e9ger contre les temp\u00eates et les averses hivernales, et tout ce qu\u2019elles entra\u00eenent?\",\"breadcrumb\":{\"@id\":\"https:\\\/\\\/www.federated.ca\\\/fr\\\/blog\\\/assurance\\\/assurance-en-hiver\\\/#breadcrumb\"},\"inLanguage\":\"fr-FR\",\"potentialAction\":[{\"@type\":\"ReadAction\",\"target\":[\"https:\\\/\\\/www.federated.ca\\\/fr\\\/blog\\\/assurance\\\/assurance-en-hiver\\\/\"]}]},{\"@type\":\"ImageObject\",\"inLanguage\":\"fr-FR\",\"@id\":\"https:\\\/\\\/www.federated.ca\\\/fr\\\/blog\\\/assurance\\\/assurance-en-hiver\\\/#primaryimage\",\"url\":\"https:\\\/\\\/www.federated.ca\\\/wp-content\\\/uploads\\\/2018\\\/01\\\/winter-coverage2.jpg\",\"contentUrl\":\"https:\\\/\\\/www.federated.ca\\\/wp-content\\\/uploads\\\/2018\\\/01\\\/winter-coverage2.jpg\",\"width\":3008,\"height\":1289,\"caption\":\"Winter coverage\"},{\"@type\":\"BreadcrumbList\",\"@id\":\"https:\\\/\\\/www.federated.ca\\\/fr\\\/blog\\\/assurance\\\/assurance-en-hiver\\\/#breadcrumb\",\"itemListElement\":[{\"@type\":\"ListItem\",\"position\":1,\"name\":\"Home\",\"item\":\"https:\\\/\\\/www.federated.ca\\\/fr\\\/\"},{\"@type\":\"ListItem\",\"position\":2,\"name\":\"Quelles assurances votre entreprise devrait-elle se procurer pour se prot\u00e9ger cet hiver?\"}]},{\"@type\":\"WebSite\",\"@id\":\"https:\\\/\\\/www.federated.ca\\\/fr\\\/#website\",\"url\":\"https:\\\/\\\/www.federated.ca\\\/fr\\\/\",\"name\":\"Federated Insurance Company of Canada\",\"description\":\"La s\u00e9curit\u00e9 de votre entreprise en t\u00eate\",\"publisher\":{\"@id\":\"https:\\\/\\\/www.federated.ca\\\/fr\\\/#organization\"},\"potentialAction\":[{\"@type\":\"SearchAction\",\"target\":{\"@type\":\"EntryPoint\",\"urlTemplate\":\"https:\\\/\\\/www.federated.ca\\\/fr\\\/?s={search_term_string}\"},\"query-input\":{\"@type\":\"PropertyValueSpecification\",\"valueRequired\":true,\"valueName\":\"search_term_string\"}}],\"inLanguage\":\"fr-FR\"},{\"@type\":\"Organization\",\"@id\":\"https:\\\/\\\/www.federated.ca\\\/fr\\\/#organization\",\"name\":\"Les assurances Federated\",\"url\":\"https:\\\/\\\/www.federated.ca\\\/fr\\\/\",\"logo\":{\"@type\":\"ImageObject\",\"inLanguage\":\"fr-FR\",\"@id\":\"https:\\\/\\\/www.federated.ca\\\/fr\\\/#\\\/schema\\\/logo\\\/image\\\/\",\"url\":\"https:\\\/\\\/www.federated.ca\\\/wp-content\\\/uploads\\\/2015\\\/03\\\/FED_ENG_NOtag_shiftnav_210x52.png\",\"contentUrl\":\"https:\\\/\\\/www.federated.ca\\\/wp-content\\\/uploads\\\/2015\\\/03\\\/FED_ENG_NOtag_shiftnav_210x52.png\",\"width\":210,\"height\":52,\"caption\":\"Les assurances Federated\"},\"image\":{\"@id\":\"https:\\\/\\\/www.federated.ca\\\/fr\\\/#\\\/schema\\\/logo\\\/image\\\/\"},\"sameAs\":[\"https:\\\/\\\/www.facebook.com\\\/FedInsCanada\\\/\",\"https:\\\/\\\/www.instagram.com\\\/federatedinsuranceca\\\/\",\"https:\\\/\\\/www.linkedin.com\\\/authwall?trk=ripf&amp;amp;amp;trkInfo=AQExgtg9_9rmAQAAAVx-tQL4XBOielaWooxEaw4kQGfXIqAVlPw7IbVWBdg-4ezDWDNXO2cp0GXtaWrXpPlk3S8ZhjlEcvoxf5Jti8CypWckNTc3e85aDADZtFHeDNEVc5LgQ80=&amp;amp;amp;originalReferer=http:\\\/\\\/avada.federated.ca\\\/business-insurance\\\/automotive-dealers-insurance\\\/&amp;amp;amp;sessionRedirect=https:\\\/\\\/www.linkedin.com\\\/company\\\/federated-insurance\",\"https:\\\/\\\/www.youtube.com\\\/channel\\\/UC2TYZAr9C3puo4Tvg9Q151Q\"],\"description\":\"With Federated Insurance, you work directly with an industry expert who is committed to understanding the unique risks and opportunities associated with your business. With a dedicated agent and risk management team on your side, you will always get the right coverage for your company and can focus on what matters most. Trust. Advise. Protect.\",\"email\":\"info@federated.ca\",\"telephone\":\"1.844.628.6800\",\"legalName\":\"Federated Insurance\"},{\"@type\":\"Person\",\"@id\":\"https:\\\/\\\/www.federated.ca\\\/fr\\\/#\\\/schema\\\/person\\\/0f1d7a31d13f94af7d7b7ed870e2e655\",\"name\":\"Ellen Brait\"}]}<\/script>\n<!-- \/ Yoast SEO Premium plugin. -->","yoast_head_json":{"title":"Quelles assurances votre entreprise devrait-elle se procurer pour se prot\u00e9ger cet hiver?","description":"Quelle assurance votre entreprise devrait-elle se procurer pour se prot\u00e9ger contre les temp\u00eates et les averses hivernales, et tout ce qu\u2019elles entra\u00eenent?","robots":{"index":"index","follow":"follow","max-snippet":"max-snippet:-1","max-image-preview":"max-image-preview:large","max-video-preview":"max-video-preview:-1"},"canonical":"https:\/\/www.federated.ca\/fr\/blog\/assurance\/assurance-en-hiver\/","og_locale":"fr_FR","og_type":"article","og_title":"Quelles assurances votre entreprise devrait-elle se procurer pour se prot\u00e9ger cet hiver?","og_description":"Il est important de se prot\u00e9ger avec la bonne assurance tout au long de l'ann\u00e9e, puisque chaque saison comporte son lot de risques particuliers. Cela peut","og_url":"https:\/\/www.federated.ca\/fr\/blog\/assurance\/assurance-en-hiver\/","og_site_name":"La Federated, Compagnie d\u2019assurance du Canada","article_publisher":"https:\/\/www.facebook.com\/FedInsCanada\/","article_published_time":"2018-01-31T18:09:30+00:00","article_modified_time":"2019-10-15T15:25:21+00:00","og_image":[{"width":1030,"height":441,"url":"https:\/\/www.federated.ca\/wp-content\/uploads\/2018\/01\/winter-coverage2-1030x441.jpg","type":"image\/jpeg"}],"author":"Ellen Brait","twitter_misc":{"\u00c9crit par":"Ellen Brait","Dur\u00e9e de lecture estim\u00e9e":"6 minutes"},"schema":{"@context":"https:\/\/schema.org","@graph":[{"@type":"Article","@id":"https:\/\/www.federated.ca\/fr\/blog\/assurance\/assurance-en-hiver\/#article","isPartOf":{"@id":"https:\/\/www.federated.ca\/fr\/blog\/assurance\/assurance-en-hiver\/"},"author":{"name":"Ellen Brait","@id":"https:\/\/www.federated.ca\/fr\/#\/schema\/person\/0f1d7a31d13f94af7d7b7ed870e2e655"},"headline":"Quelles assurances votre entreprise devrait-elle se procurer pour se prot\u00e9ger cet hiver?","datePublished":"2018-01-31T18:09:30+00:00","dateModified":"2019-10-15T15:25:21+00:00","mainEntityOfPage":{"@id":"https:\/\/www.federated.ca\/fr\/blog\/assurance\/assurance-en-hiver\/"},"wordCount":1161,"publisher":{"@id":"https:\/\/www.federated.ca\/fr\/#organization"},"image":{"@id":"https:\/\/www.federated.ca\/fr\/blog\/assurance\/assurance-en-hiver\/#primaryimage"},"thumbnailUrl":"https:\/\/www.federated.ca\/wp-content\/uploads\/2018\/01\/winter-coverage2.jpg","articleSection":["Assurance"],"inLanguage":"fr-FR"},{"@type":"WebPage","@id":"https:\/\/www.federated.ca\/fr\/blog\/assurance\/assurance-en-hiver\/","url":"https:\/\/www.federated.ca\/fr\/blog\/assurance\/assurance-en-hiver\/","name":"Quelles assurances votre entreprise devrait-elle se procurer pour se prot\u00e9ger cet hiver?","isPartOf":{"@id":"https:\/\/www.federated.ca\/fr\/#website"},"primaryImageOfPage":{"@id":"https:\/\/www.federated.ca\/fr\/blog\/assurance\/assurance-en-hiver\/#primaryimage"},"image":{"@id":"https:\/\/www.federated.ca\/fr\/blog\/assurance\/assurance-en-hiver\/#primaryimage"},"thumbnailUrl":"https:\/\/www.federated.ca\/wp-content\/uploads\/2018\/01\/winter-coverage2.jpg","datePublished":"2018-01-31T18:09:30+00:00","dateModified":"2019-10-15T15:25:21+00:00","description":"Quelle assurance votre entreprise devrait-elle se procurer pour se prot\u00e9ger contre les temp\u00eates et les averses hivernales, et tout ce qu\u2019elles entra\u00eenent?","breadcrumb":{"@id":"https:\/\/www.federated.ca\/fr\/blog\/assurance\/assurance-en-hiver\/#breadcrumb"},"inLanguage":"fr-FR","potentialAction":[{"@type":"ReadAction","target":["https:\/\/www.federated.ca\/fr\/blog\/assurance\/assurance-en-hiver\/"]}]},{"@type":"ImageObject","inLanguage":"fr-FR","@id":"https:\/\/www.federated.ca\/fr\/blog\/assurance\/assurance-en-hiver\/#primaryimage","url":"https:\/\/www.federated.ca\/wp-content\/uploads\/2018\/01\/winter-coverage2.jpg","contentUrl":"https:\/\/www.federated.ca\/wp-content\/uploads\/2018\/01\/winter-coverage2.jpg","width":3008,"height":1289,"caption":"Winter coverage"},{"@type":"BreadcrumbList","@id":"https:\/\/www.federated.ca\/fr\/blog\/assurance\/assurance-en-hiver\/#breadcrumb","itemListElement":[{"@type":"ListItem","position":1,"name":"Home","item":"https:\/\/www.federated.ca\/fr\/"},{"@type":"ListItem","position":2,"name":"Quelles assurances votre entreprise devrait-elle se procurer pour se prot\u00e9ger cet hiver?"}]},{"@type":"WebSite","@id":"https:\/\/www.federated.ca\/fr\/#website","url":"https:\/\/www.federated.ca\/fr\/","name":"Federated Insurance Company of Canada","description":"La s\u00e9curit\u00e9 de votre entreprise en t\u00eate","publisher":{"@id":"https:\/\/www.federated.ca\/fr\/#organization"},"potentialAction":[{"@type":"SearchAction","target":{"@type":"EntryPoint","urlTemplate":"https:\/\/www.federated.ca\/fr\/?s={search_term_string}"},"query-input":{"@type":"PropertyValueSpecification","valueRequired":true,"valueName":"search_term_string"}}],"inLanguage":"fr-FR"},{"@type":"Organization","@id":"https:\/\/www.federated.ca\/fr\/#organization","name":"Les assurances Federated","url":"https:\/\/www.federated.ca\/fr\/","logo":{"@type":"ImageObject","inLanguage":"fr-FR","@id":"https:\/\/www.federated.ca\/fr\/#\/schema\/logo\/image\/","url":"https:\/\/www.federated.ca\/wp-content\/uploads\/2015\/03\/FED_ENG_NOtag_shiftnav_210x52.png","contentUrl":"https:\/\/www.federated.ca\/wp-content\/uploads\/2015\/03\/FED_ENG_NOtag_shiftnav_210x52.png","width":210,"height":52,"caption":"Les assurances Federated"},"image":{"@id":"https:\/\/www.federated.ca\/fr\/#\/schema\/logo\/image\/"},"sameAs":["https:\/\/www.facebook.com\/FedInsCanada\/","https:\/\/www.instagram.com\/federatedinsuranceca\/","https:\/\/www.linkedin.com\/authwall?trk=ripf&amp;amp;amp;trkInfo=AQExgtg9_9rmAQAAAVx-tQL4XBOielaWooxEaw4kQGfXIqAVlPw7IbVWBdg-4ezDWDNXO2cp0GXtaWrXpPlk3S8ZhjlEcvoxf5Jti8CypWckNTc3e85aDADZtFHeDNEVc5LgQ80=&amp;amp;amp;originalReferer=http:\/\/avada.federated.ca\/business-insurance\/automotive-dealers-insurance\/&amp;amp;amp;sessionRedirect=https:\/\/www.linkedin.com\/company\/federated-insurance","https:\/\/www.youtube.com\/channel\/UC2TYZAr9C3puo4Tvg9Q151Q"],"description":"With Federated Insurance, you work directly with an industry expert who is committed to understanding the unique risks and opportunities associated with your business. With a dedicated agent and risk management team on your side, you will always get the right coverage for your company and can focus on what matters most. Trust. Advise. Protect.","email":"info@federated.ca","telephone":"1.844.628.6800","legalName":"Federated Insurance"},{"@type":"Person","@id":"https:\/\/www.federated.ca\/fr\/#\/schema\/person\/0f1d7a31d13f94af7d7b7ed870e2e655","name":"Ellen Brait"}]}},"_links":{"self":[{"href":"https:\/\/www.federated.ca\/fr\/wp-json\/wp\/v2\/posts\/23877","targetHints":{"allow":["GET"]}}],"collection":[{"href":"https:\/\/www.federated.ca\/fr\/wp-json\/wp\/v2\/posts"}],"about":[{"href":"https:\/\/www.federated.ca\/fr\/wp-json\/wp\/v2\/types\/post"}],"author":[{"embeddable":true,"href":"https:\/\/www.federated.ca\/fr\/wp-json\/wp\/v2\/users\/19"}],"replies":[{"embeddable":true,"href":"https:\/\/www.federated.ca\/fr\/wp-json\/wp\/v2\/comments?post=23877"}],"version-history":[{"count":0,"href":"https:\/\/www.federated.ca\/fr\/wp-json\/wp\/v2\/posts\/23877\/revisions"}],"wp:featuredmedia":[{"embeddable":true,"href":"https:\/\/www.federated.ca\/fr\/wp-json\/wp\/v2\/media\/23875"}],"wp:attachment":[{"href":"https:\/\/www.federated.ca\/fr\/wp-json\/wp\/v2\/media?parent=23877"}],"wp:term":[{"taxonomy":"category","embeddable":true,"href":"https:\/\/www.federated.ca\/fr\/wp-json\/wp\/v2\/categories?post=23877"},{"taxonomy":"post_tag","embeddable":true,"href":"https:\/\/www.federated.ca\/fr\/wp-json\/wp\/v2\/tags?post=23877"}],"curies":[{"name":"wp","href":"https:\/\/api.w.org\/{rel}","templated":true}]}}