{"id":24619,"date":"2018-04-04T13:12:36","date_gmt":"2018-04-04T17:12:36","guid":{"rendered":"https:\/\/www.federated.ca\/blog\/non-classifiee\/stolen-vehicles\/"},"modified":"2019-10-11T09:41:59","modified_gmt":"2019-10-11T13:41:59","slug":"vehicules-voles","status":"publish","type":"post","link":"https:\/\/www.federated.ca\/fr\/blog\/automobile\/vehicules-voles\/","title":{"rendered":"Quels sont les v\u00e9hicules les plus vol\u00e9s au Canada?"},"content":{"rendered":"<p>Lorsque les beaux jours arrivent et que les probabilit\u00e9s d\u2019averses de neige diminuent, de plus en plus de v\u00e9hicules sillonnent les routes ou se stationnent \u00e0 l\u2019ext\u00e9rieur. Bien que les temp\u00e9ratures cl\u00e9mentes facilitent la conduite sur les routes, elles peuvent exposer plusieurs v\u00e9hicules au vol.<\/p>\n<p>Chaque ann\u00e9e, <a href=\"http:\/\/www.ibc.ca\/fr\/nt\">le Bureau d\u2019assurance du Canada<\/a> (BAC) publie une <a href=\"http:\/\/www.ibc.ca\/fr\/nt\/voiture\/vol\/palmar%C3%A8s-des-10-voitures-les-plus-pris%C3%A9es-des-voleurs\">liste<\/a> des v\u00e9hicules les plus vol\u00e9s au Canada. Le BAC publie \u00e9galement la liste des v\u00e9hicules les plus pris\u00e9s par les voleurs dans chacune des provinces. L\u2019ann\u00e9e derni\u00e8re, les v\u00e9hicules les plus vol\u00e9s variaient selon les provinces. Par exemple, en Ontario, les VUS haut de gamme sont arriv\u00e9s en t\u00eate de liste.<\/p>\n<p>Nous vous pr\u00e9sentons ici trois de ces listes\u00a0:<\/p>\n<h4><strong>Les 10 v\u00e9hicules les plus vol\u00e9s au Canada<\/strong><\/h4>\n<ol>\n<li>VUS Lexus GX460 4 portes Traction int\u00e9grale 2015<\/li>\n<li>Camion Ford F-350 Super Duty 4RM 2007<\/li>\n<li>Camion Ford F-350 Super Duty 4RM 2006<\/li>\n<li>Camion Ford F-350 Super Duty 4RM 2005<\/li>\n<li>Camion Ford F-350 Super Duty 4RM 2001<\/li>\n<li>Camion Ford F-350 Super Duty 4RM 2003<\/li>\n<li>Camion Ford F-350 Super Duty 4RM 2004<\/li>\n<li>VUS Toyota 4Runner 4 portes 4RM 2016<\/li>\n<li>Camion Ford F-350 Super Duty 4RM 2002<\/li>\n<li>Camion Ford F-250 Super Duty 4RM 2006<\/li>\n<\/ol>\n<h4><strong>Les 10 v\u00e9hicules les plus vol\u00e9s en Ontario<\/strong><\/h4>\n<ol>\n<li>VUS Toyota 4Runner 4 portes 4RM 2016<\/li>\n<li>VUS Toyota 4Runner 4 portes 4RM 2015<\/li>\n<li>VUS Chevrolet\/GMC Tahoe\/Yukon 4 portes 4RM 2006<\/li>\n<li>Camion Chevrolet Avalanche 1500 2RM 2003<\/li>\n<li>VUS Chevrolet\/GMC Tahoe\/Yukon 4 portes 4RM 2005<\/li>\n<li>Camion Chevrolet\/GMC Silverado\/Sierra 2500 4RM 2006<\/li>\n<li>VUS Hummer H2 4 portes 4RM 2003<\/li>\n<li>VUS Chevrolet\/GMC Tahoe\/Yukon 4 portes 4RM 2002<\/li>\n<li>VUS Toyota 4Runner 4 portes 4RM 2014<\/li>\n<li>VUS Buick\/Chev\/GMC Rainier\/Trailblazer\/Envoy 4 portes 2RM 2005<\/li>\n<\/ol>\n<h4><strong>Les 10 v\u00e9hicules les plus vol\u00e9s au Qu\u00e9bec<\/strong><\/h4>\n<ol>\n<li>VUS Toyota 4Runner 4 portes 4RM 2016<\/li>\n<li>VUS Toyota 4Runner 4 portes 4RM 2015<\/li>\n<li>VUS Jeep Wrangler Unlimited 4 portes 4RM 2016<\/li>\n<li>VUS Lexus RX350\/RX450h 4 portes Traction int\u00e9grale 2013<\/li>\n<li>VUS Lexus RX350\/RX450h 4 portes Traction int\u00e9grale 2015<\/li>\n<li>Camion Ford F250 Super Duty, 4RM 2003<\/li>\n<li>VUS Jeep Wrangler Unlimited 4 portes 4RM 2015<\/li>\n<li>Camion Toyota Tundra 4RM 2015<\/li>\n<li>VUS Lexus RX350\/RX450h 4 portes Traction int\u00e9grale 2014<\/li>\n<li>Coup\u00e9 Audi A5 Quattro 2 portes 2RM 2010<\/li>\n<\/ol>\n<h4><strong>Prot\u00e9gez votre v\u00e9hicule<\/strong><\/h4>\n<p>Les v\u00e9hicules sont vol\u00e9s pour plusieurs raisons, y compris pour \u00eatre vendus \u00e0 l\u2019\u00e9tranger, pour en r\u00e9cup\u00e9rer les pi\u00e8ces ou pour \u00eatre utilis\u00e9s afin de commettre d\u2019autres crimes. Vous ne pouvez emp\u00eacher que votre v\u00e9hicule soit la cible des voleurs, mais vous pouvez prendre les pr\u00e9cautions n\u00e9cessaires pour \u00e9viter qu\u2019il soit vol\u00e9. Voici quelques fa\u00e7ons de prot\u00e9ger votre v\u00e9hicule\u00a0:<\/p>\n<ul>\n<li>Ne laissez jamais votre v\u00e9hicule en marche sans surveillance.<\/li>\n<li>Garez votre v\u00e9hicule dans un endroit bien \u00e9clair\u00e9.<\/li>\n<li>Remontez toujours les vitres et verrouillez les portes apr\u00e8s avoir gar\u00e9 votre v\u00e9hicule.<\/li>\n<li>Placez les objets de valeur et les colis dans le coffre arri\u00e8re, hors de la vue.<\/li>\n<li>Essayez de laisser votre v\u00e9hicule dans un garage la nuit.<\/li>\n<li>Ne laissez pas des renseignements personnels, y compris vos documents d\u2019assurance et votre preuve de propri\u00e9t\u00e9, dans le coffre \u00e0 gants de votre v\u00e9hicule gar\u00e9.<\/li>\n<\/ul>\n<h4><strong>Quel est le lien avec l\u2019assurance automobile?<\/strong><\/h4>\n<p>Certains Canadiens ignorent que la probabilit\u00e9 qu\u2019un v\u00e9hicule donn\u00e9 soit vol\u00e9 sert souvent \u00e0 \u00e9tablir les taux et les primes d\u2019assurance.<\/p>\n<p>Parmi les autres facteurs qui peuvent avoir une incidence sur les primes d\u2019assurance, on peut penser \u00e0 l\u2019endroit o\u00f9 vous conduisez, les raisons pour lesquelles vous utilisez votre v\u00e9hicule, le nombre et le type de v\u00e9hicules que vous assurez ainsi que les ant\u00e9c\u00e9dents des conducteurs qui les utiliseront.<\/p>\n<p><a href=\"\/fr\/assurance-des-entreprises\/protegez-vos-biens\/\">Visitez notre page concernant l\u2019assurance automobile des entreprises<\/a> afin d\u2019apprendre comment Les assurances Federated peut vous aider!<\/p>\n<p><em>Le pr\u00e9sent billet est fourni uniquement \u00e0 titre informatif et ne vise pas \u00e0 remplacer les conseils de professionnels.<\/em><em> Nous ne faisons aucune assertion et n\u2019offrons aucune garantie relativement \u00e0 l\u2019exactitude ou \u00e0 l\u2019int\u00e9gralit\u00e9 des renseignements qu\u2019il contient. Nous ne pourrons en aucun cas \u00eatre tenus responsables des pertes pouvant d\u00e9couler de l\u2019utilisation de ces renseignements.<\/em><\/p>\n","protected":false},"excerpt":{"rendered":"<p>Lorsque les beaux jours arrivent et que les probabilit\u00e9s d\u2019averses de neige diminuent, de plus en plus de v\u00e9hicules sillonnent les routes ou se stationnent \u00e0 l\u2019ext\u00e9rieur. Bien que les <a href=\"https:\/\/www.federated.ca\/fr\/blog\/automobile\/vehicules-voles\/\"> [&#8230;]<\/a><\/p>\n","protected":false},"author":19,"featured_media":33200,"comment_status":"closed","ping_status":"closed","sticky":false,"template":"","format":"standard","meta":{"_acf_changed":false,"footnotes":""},"categories":[814],"tags":[],"class_list":["post-24619","post","type-post","status-publish","format-standard","has-post-thumbnail","hentry","category-automobile"],"acf":[],"yoast_head":"<!-- This site is optimized with the Yoast SEO Premium plugin v27.4 (Yoast SEO v27.5) - https:\/\/yoast.com\/product\/yoast-seo-premium-wordpress\/ -->\n<title>Quels sont les v\u00e9hicules les plus vol\u00e9s au Canada?<\/title>\n<meta name=\"description\" content=\"La probabilit\u00e9 que votre v\u00e9hicule soit vol\u00e9 peut avoir une incidence sur votre prime d\u2019assurance automobile. Apprenez quels v\u00e9hicules ont \u00e9t\u00e9 les plus vol\u00e9s l\u2019ann\u00e9e derni\u00e8re!\" \/>\n<meta name=\"robots\" content=\"index, follow, max-snippet:-1, max-image-preview:large, max-video-preview:-1\" \/>\n<link rel=\"canonical\" href=\"https:\/\/www.federated.ca\/fr\/blog\/automobile\/vehicules-voles\/\" \/>\n<meta property=\"og:locale\" content=\"fr_FR\" \/>\n<meta property=\"og:type\" content=\"article\" \/>\n<meta property=\"og:title\" content=\"Quels sont les v\u00e9hicules les plus vol\u00e9s au Canada?\" \/>\n<meta property=\"og:description\" content=\"Lorsque les beaux jours arrivent et que les probabilit\u00e9s d\u2019averses de neige diminuent, de plus en plus de v\u00e9hicules sillonnent les routes ou se\" \/>\n<meta property=\"og:url\" content=\"https:\/\/www.federated.ca\/fr\/blog\/automobile\/vehicules-voles\/\" \/>\n<meta property=\"og:site_name\" content=\"La Federated, Compagnie d\u2019assurance du Canada\" \/>\n<meta property=\"article:publisher\" content=\"https:\/\/www.facebook.com\/FedInsCanada\/\" \/>\n<meta property=\"article:published_time\" content=\"2018-04-04T17:12:36+00:00\" \/>\n<meta property=\"article:modified_time\" content=\"2019-10-11T13:41:59+00:00\" \/>\n<meta property=\"og:image\" content=\"https:\/\/www.federated.ca\/wp-content\/uploads\/2018\/04\/18-automotive-tolen-vehicles-feature-image-700x300-1.jpg\" \/>\n\t<meta property=\"og:image:width\" content=\"700\" \/>\n\t<meta property=\"og:image:height\" content=\"300\" \/>\n\t<meta property=\"og:image:type\" content=\"image\/jpeg\" \/>\n<meta name=\"author\" content=\"Ellen Brait\" \/>\n<meta name=\"twitter:label1\" content=\"\u00c9crit par\" \/>\n\t<meta name=\"twitter:data1\" content=\"Ellen Brait\" \/>\n\t<meta name=\"twitter:label2\" content=\"Dur\u00e9e de lecture estim\u00e9e\" \/>\n\t<meta name=\"twitter:data2\" content=\"3 minutes\" \/>\n<script type=\"application\/ld+json\" class=\"yoast-schema-graph\">{\"@context\":\"https:\\\/\\\/schema.org\",\"@graph\":[{\"@type\":\"Article\",\"@id\":\"https:\\\/\\\/www.federated.ca\\\/fr\\\/blog\\\/automobile\\\/vehicules-voles\\\/#article\",\"isPartOf\":{\"@id\":\"https:\\\/\\\/www.federated.ca\\\/fr\\\/blog\\\/automobile\\\/vehicules-voles\\\/\"},\"author\":{\"name\":\"Ellen Brait\",\"@id\":\"https:\\\/\\\/www.federated.ca\\\/fr\\\/#\\\/schema\\\/person\\\/0f1d7a31d13f94af7d7b7ed870e2e655\"},\"headline\":\"Quels sont les v\u00e9hicules les plus vol\u00e9s au Canada?\",\"datePublished\":\"2018-04-04T17:12:36+00:00\",\"dateModified\":\"2019-10-11T13:41:59+00:00\",\"mainEntityOfPage\":{\"@id\":\"https:\\\/\\\/www.federated.ca\\\/fr\\\/blog\\\/automobile\\\/vehicules-voles\\\/\"},\"wordCount\":691,\"publisher\":{\"@id\":\"https:\\\/\\\/www.federated.ca\\\/fr\\\/#organization\"},\"image\":{\"@id\":\"https:\\\/\\\/www.federated.ca\\\/fr\\\/blog\\\/automobile\\\/vehicules-voles\\\/#primaryimage\"},\"thumbnailUrl\":\"https:\\\/\\\/www.federated.ca\\\/wp-content\\\/uploads\\\/2018\\\/04\\\/18-automotive-tolen-vehicles-feature-image-700x300-1.jpg\",\"articleSection\":[\"Automobile\"],\"inLanguage\":\"fr-FR\"},{\"@type\":\"WebPage\",\"@id\":\"https:\\\/\\\/www.federated.ca\\\/fr\\\/blog\\\/automobile\\\/vehicules-voles\\\/\",\"url\":\"https:\\\/\\\/www.federated.ca\\\/fr\\\/blog\\\/automobile\\\/vehicules-voles\\\/\",\"name\":\"Quels sont les v\u00e9hicules les plus vol\u00e9s au Canada?\",\"isPartOf\":{\"@id\":\"https:\\\/\\\/www.federated.ca\\\/fr\\\/#website\"},\"primaryImageOfPage\":{\"@id\":\"https:\\\/\\\/www.federated.ca\\\/fr\\\/blog\\\/automobile\\\/vehicules-voles\\\/#primaryimage\"},\"image\":{\"@id\":\"https:\\\/\\\/www.federated.ca\\\/fr\\\/blog\\\/automobile\\\/vehicules-voles\\\/#primaryimage\"},\"thumbnailUrl\":\"https:\\\/\\\/www.federated.ca\\\/wp-content\\\/uploads\\\/2018\\\/04\\\/18-automotive-tolen-vehicles-feature-image-700x300-1.jpg\",\"datePublished\":\"2018-04-04T17:12:36+00:00\",\"dateModified\":\"2019-10-11T13:41:59+00:00\",\"description\":\"La probabilit\u00e9 que votre v\u00e9hicule soit vol\u00e9 peut avoir une incidence sur votre prime d\u2019assurance automobile. Apprenez quels v\u00e9hicules ont \u00e9t\u00e9 les plus vol\u00e9s l\u2019ann\u00e9e derni\u00e8re!\",\"breadcrumb\":{\"@id\":\"https:\\\/\\\/www.federated.ca\\\/fr\\\/blog\\\/automobile\\\/vehicules-voles\\\/#breadcrumb\"},\"inLanguage\":\"fr-FR\",\"potentialAction\":[{\"@type\":\"ReadAction\",\"target\":[\"https:\\\/\\\/www.federated.ca\\\/fr\\\/blog\\\/automobile\\\/vehicules-voles\\\/\"]}]},{\"@type\":\"ImageObject\",\"inLanguage\":\"fr-FR\",\"@id\":\"https:\\\/\\\/www.federated.ca\\\/fr\\\/blog\\\/automobile\\\/vehicules-voles\\\/#primaryimage\",\"url\":\"https:\\\/\\\/www.federated.ca\\\/wp-content\\\/uploads\\\/2018\\\/04\\\/18-automotive-tolen-vehicles-feature-image-700x300-1.jpg\",\"contentUrl\":\"https:\\\/\\\/www.federated.ca\\\/wp-content\\\/uploads\\\/2018\\\/04\\\/18-automotive-tolen-vehicles-feature-image-700x300-1.jpg\",\"width\":700,\"height\":300,\"caption\":\"Thief breaking into car\"},{\"@type\":\"BreadcrumbList\",\"@id\":\"https:\\\/\\\/www.federated.ca\\\/fr\\\/blog\\\/automobile\\\/vehicules-voles\\\/#breadcrumb\",\"itemListElement\":[{\"@type\":\"ListItem\",\"position\":1,\"name\":\"Home\",\"item\":\"https:\\\/\\\/www.federated.ca\\\/fr\\\/\"},{\"@type\":\"ListItem\",\"position\":2,\"name\":\"Quels sont les v\u00e9hicules les plus vol\u00e9s au Canada?\"}]},{\"@type\":\"WebSite\",\"@id\":\"https:\\\/\\\/www.federated.ca\\\/fr\\\/#website\",\"url\":\"https:\\\/\\\/www.federated.ca\\\/fr\\\/\",\"name\":\"Federated Insurance Company of Canada\",\"description\":\"La s\u00e9curit\u00e9 de votre entreprise en t\u00eate\",\"publisher\":{\"@id\":\"https:\\\/\\\/www.federated.ca\\\/fr\\\/#organization\"},\"potentialAction\":[{\"@type\":\"SearchAction\",\"target\":{\"@type\":\"EntryPoint\",\"urlTemplate\":\"https:\\\/\\\/www.federated.ca\\\/fr\\\/?s={search_term_string}\"},\"query-input\":{\"@type\":\"PropertyValueSpecification\",\"valueRequired\":true,\"valueName\":\"search_term_string\"}}],\"inLanguage\":\"fr-FR\"},{\"@type\":\"Organization\",\"@id\":\"https:\\\/\\\/www.federated.ca\\\/fr\\\/#organization\",\"name\":\"Les assurances Federated\",\"url\":\"https:\\\/\\\/www.federated.ca\\\/fr\\\/\",\"logo\":{\"@type\":\"ImageObject\",\"inLanguage\":\"fr-FR\",\"@id\":\"https:\\\/\\\/www.federated.ca\\\/fr\\\/#\\\/schema\\\/logo\\\/image\\\/\",\"url\":\"https:\\\/\\\/www.federated.ca\\\/wp-content\\\/uploads\\\/2015\\\/03\\\/FED_ENG_NOtag_shiftnav_210x52.png\",\"contentUrl\":\"https:\\\/\\\/www.federated.ca\\\/wp-content\\\/uploads\\\/2015\\\/03\\\/FED_ENG_NOtag_shiftnav_210x52.png\",\"width\":210,\"height\":52,\"caption\":\"Les assurances Federated\"},\"image\":{\"@id\":\"https:\\\/\\\/www.federated.ca\\\/fr\\\/#\\\/schema\\\/logo\\\/image\\\/\"},\"sameAs\":[\"https:\\\/\\\/www.facebook.com\\\/FedInsCanada\\\/\",\"https:\\\/\\\/www.instagram.com\\\/federatedinsuranceca\\\/\",\"https:\\\/\\\/www.linkedin.com\\\/authwall?trk=ripf&amp;amp;amp;trkInfo=AQExgtg9_9rmAQAAAVx-tQL4XBOielaWooxEaw4kQGfXIqAVlPw7IbVWBdg-4ezDWDNXO2cp0GXtaWrXpPlk3S8ZhjlEcvoxf5Jti8CypWckNTc3e85aDADZtFHeDNEVc5LgQ80=&amp;amp;amp;originalReferer=http:\\\/\\\/avada.federated.ca\\\/business-insurance\\\/automotive-dealers-insurance\\\/&amp;amp;amp;sessionRedirect=https:\\\/\\\/www.linkedin.com\\\/company\\\/federated-insurance\",\"https:\\\/\\\/www.youtube.com\\\/channel\\\/UC2TYZAr9C3puo4Tvg9Q151Q\"],\"description\":\"With Federated Insurance, you work directly with an industry expert who is committed to understanding the unique risks and opportunities associated with your business. With a dedicated agent and risk management team on your side, you will always get the right coverage for your company and can focus on what matters most. Trust. Advise. Protect.\",\"email\":\"info@federated.ca\",\"telephone\":\"1.844.628.6800\",\"legalName\":\"Federated Insurance\"},{\"@type\":\"Person\",\"@id\":\"https:\\\/\\\/www.federated.ca\\\/fr\\\/#\\\/schema\\\/person\\\/0f1d7a31d13f94af7d7b7ed870e2e655\",\"name\":\"Ellen Brait\"}]}<\/script>\n<!-- \/ Yoast SEO Premium plugin. -->","yoast_head_json":{"title":"Quels sont les v\u00e9hicules les plus vol\u00e9s au Canada?","description":"La probabilit\u00e9 que votre v\u00e9hicule soit vol\u00e9 peut avoir une incidence sur votre prime d\u2019assurance automobile. Apprenez quels v\u00e9hicules ont \u00e9t\u00e9 les plus vol\u00e9s l\u2019ann\u00e9e derni\u00e8re!","robots":{"index":"index","follow":"follow","max-snippet":"max-snippet:-1","max-image-preview":"max-image-preview:large","max-video-preview":"max-video-preview:-1"},"canonical":"https:\/\/www.federated.ca\/fr\/blog\/automobile\/vehicules-voles\/","og_locale":"fr_FR","og_type":"article","og_title":"Quels sont les v\u00e9hicules les plus vol\u00e9s au Canada?","og_description":"Lorsque les beaux jours arrivent et que les probabilit\u00e9s d\u2019averses de neige diminuent, de plus en plus de v\u00e9hicules sillonnent les routes ou se","og_url":"https:\/\/www.federated.ca\/fr\/blog\/automobile\/vehicules-voles\/","og_site_name":"La Federated, Compagnie d\u2019assurance du Canada","article_publisher":"https:\/\/www.facebook.com\/FedInsCanada\/","article_published_time":"2018-04-04T17:12:36+00:00","article_modified_time":"2019-10-11T13:41:59+00:00","og_image":[{"width":700,"height":300,"url":"https:\/\/www.federated.ca\/wp-content\/uploads\/2018\/04\/18-automotive-tolen-vehicles-feature-image-700x300-1.jpg","type":"image\/jpeg"}],"author":"Ellen Brait","twitter_misc":{"\u00c9crit par":"Ellen Brait","Dur\u00e9e de lecture estim\u00e9e":"3 minutes"},"schema":{"@context":"https:\/\/schema.org","@graph":[{"@type":"Article","@id":"https:\/\/www.federated.ca\/fr\/blog\/automobile\/vehicules-voles\/#article","isPartOf":{"@id":"https:\/\/www.federated.ca\/fr\/blog\/automobile\/vehicules-voles\/"},"author":{"name":"Ellen Brait","@id":"https:\/\/www.federated.ca\/fr\/#\/schema\/person\/0f1d7a31d13f94af7d7b7ed870e2e655"},"headline":"Quels sont les v\u00e9hicules les plus vol\u00e9s au Canada?","datePublished":"2018-04-04T17:12:36+00:00","dateModified":"2019-10-11T13:41:59+00:00","mainEntityOfPage":{"@id":"https:\/\/www.federated.ca\/fr\/blog\/automobile\/vehicules-voles\/"},"wordCount":691,"publisher":{"@id":"https:\/\/www.federated.ca\/fr\/#organization"},"image":{"@id":"https:\/\/www.federated.ca\/fr\/blog\/automobile\/vehicules-voles\/#primaryimage"},"thumbnailUrl":"https:\/\/www.federated.ca\/wp-content\/uploads\/2018\/04\/18-automotive-tolen-vehicles-feature-image-700x300-1.jpg","articleSection":["Automobile"],"inLanguage":"fr-FR"},{"@type":"WebPage","@id":"https:\/\/www.federated.ca\/fr\/blog\/automobile\/vehicules-voles\/","url":"https:\/\/www.federated.ca\/fr\/blog\/automobile\/vehicules-voles\/","name":"Quels sont les v\u00e9hicules les plus vol\u00e9s au Canada?","isPartOf":{"@id":"https:\/\/www.federated.ca\/fr\/#website"},"primaryImageOfPage":{"@id":"https:\/\/www.federated.ca\/fr\/blog\/automobile\/vehicules-voles\/#primaryimage"},"image":{"@id":"https:\/\/www.federated.ca\/fr\/blog\/automobile\/vehicules-voles\/#primaryimage"},"thumbnailUrl":"https:\/\/www.federated.ca\/wp-content\/uploads\/2018\/04\/18-automotive-tolen-vehicles-feature-image-700x300-1.jpg","datePublished":"2018-04-04T17:12:36+00:00","dateModified":"2019-10-11T13:41:59+00:00","description":"La probabilit\u00e9 que votre v\u00e9hicule soit vol\u00e9 peut avoir une incidence sur votre prime d\u2019assurance automobile. Apprenez quels v\u00e9hicules ont \u00e9t\u00e9 les plus vol\u00e9s l\u2019ann\u00e9e derni\u00e8re!","breadcrumb":{"@id":"https:\/\/www.federated.ca\/fr\/blog\/automobile\/vehicules-voles\/#breadcrumb"},"inLanguage":"fr-FR","potentialAction":[{"@type":"ReadAction","target":["https:\/\/www.federated.ca\/fr\/blog\/automobile\/vehicules-voles\/"]}]},{"@type":"ImageObject","inLanguage":"fr-FR","@id":"https:\/\/www.federated.ca\/fr\/blog\/automobile\/vehicules-voles\/#primaryimage","url":"https:\/\/www.federated.ca\/wp-content\/uploads\/2018\/04\/18-automotive-tolen-vehicles-feature-image-700x300-1.jpg","contentUrl":"https:\/\/www.federated.ca\/wp-content\/uploads\/2018\/04\/18-automotive-tolen-vehicles-feature-image-700x300-1.jpg","width":700,"height":300,"caption":"Thief breaking into car"},{"@type":"BreadcrumbList","@id":"https:\/\/www.federated.ca\/fr\/blog\/automobile\/vehicules-voles\/#breadcrumb","itemListElement":[{"@type":"ListItem","position":1,"name":"Home","item":"https:\/\/www.federated.ca\/fr\/"},{"@type":"ListItem","position":2,"name":"Quels sont les v\u00e9hicules les plus vol\u00e9s au Canada?"}]},{"@type":"WebSite","@id":"https:\/\/www.federated.ca\/fr\/#website","url":"https:\/\/www.federated.ca\/fr\/","name":"Federated Insurance Company of Canada","description":"La s\u00e9curit\u00e9 de votre entreprise en t\u00eate","publisher":{"@id":"https:\/\/www.federated.ca\/fr\/#organization"},"potentialAction":[{"@type":"SearchAction","target":{"@type":"EntryPoint","urlTemplate":"https:\/\/www.federated.ca\/fr\/?s={search_term_string}"},"query-input":{"@type":"PropertyValueSpecification","valueRequired":true,"valueName":"search_term_string"}}],"inLanguage":"fr-FR"},{"@type":"Organization","@id":"https:\/\/www.federated.ca\/fr\/#organization","name":"Les assurances Federated","url":"https:\/\/www.federated.ca\/fr\/","logo":{"@type":"ImageObject","inLanguage":"fr-FR","@id":"https:\/\/www.federated.ca\/fr\/#\/schema\/logo\/image\/","url":"https:\/\/www.federated.ca\/wp-content\/uploads\/2015\/03\/FED_ENG_NOtag_shiftnav_210x52.png","contentUrl":"https:\/\/www.federated.ca\/wp-content\/uploads\/2015\/03\/FED_ENG_NOtag_shiftnav_210x52.png","width":210,"height":52,"caption":"Les assurances Federated"},"image":{"@id":"https:\/\/www.federated.ca\/fr\/#\/schema\/logo\/image\/"},"sameAs":["https:\/\/www.facebook.com\/FedInsCanada\/","https:\/\/www.instagram.com\/federatedinsuranceca\/","https:\/\/www.linkedin.com\/authwall?trk=ripf&amp;amp;amp;trkInfo=AQExgtg9_9rmAQAAAVx-tQL4XBOielaWooxEaw4kQGfXIqAVlPw7IbVWBdg-4ezDWDNXO2cp0GXtaWrXpPlk3S8ZhjlEcvoxf5Jti8CypWckNTc3e85aDADZtFHeDNEVc5LgQ80=&amp;amp;amp;originalReferer=http:\/\/avada.federated.ca\/business-insurance\/automotive-dealers-insurance\/&amp;amp;amp;sessionRedirect=https:\/\/www.linkedin.com\/company\/federated-insurance","https:\/\/www.youtube.com\/channel\/UC2TYZAr9C3puo4Tvg9Q151Q"],"description":"With Federated Insurance, you work directly with an industry expert who is committed to understanding the unique risks and opportunities associated with your business. With a dedicated agent and risk management team on your side, you will always get the right coverage for your company and can focus on what matters most. Trust. Advise. Protect.","email":"info@federated.ca","telephone":"1.844.628.6800","legalName":"Federated Insurance"},{"@type":"Person","@id":"https:\/\/www.federated.ca\/fr\/#\/schema\/person\/0f1d7a31d13f94af7d7b7ed870e2e655","name":"Ellen Brait"}]}},"_links":{"self":[{"href":"https:\/\/www.federated.ca\/fr\/wp-json\/wp\/v2\/posts\/24619","targetHints":{"allow":["GET"]}}],"collection":[{"href":"https:\/\/www.federated.ca\/fr\/wp-json\/wp\/v2\/posts"}],"about":[{"href":"https:\/\/www.federated.ca\/fr\/wp-json\/wp\/v2\/types\/post"}],"author":[{"embeddable":true,"href":"https:\/\/www.federated.ca\/fr\/wp-json\/wp\/v2\/users\/19"}],"replies":[{"embeddable":true,"href":"https:\/\/www.federated.ca\/fr\/wp-json\/wp\/v2\/comments?post=24619"}],"version-history":[{"count":0,"href":"https:\/\/www.federated.ca\/fr\/wp-json\/wp\/v2\/posts\/24619\/revisions"}],"wp:featuredmedia":[{"embeddable":true,"href":"https:\/\/www.federated.ca\/fr\/wp-json\/wp\/v2\/media\/33200"}],"wp:attachment":[{"href":"https:\/\/www.federated.ca\/fr\/wp-json\/wp\/v2\/media?parent=24619"}],"wp:term":[{"taxonomy":"category","embeddable":true,"href":"https:\/\/www.federated.ca\/fr\/wp-json\/wp\/v2\/categories?post=24619"},{"taxonomy":"post_tag","embeddable":true,"href":"https:\/\/www.federated.ca\/fr\/wp-json\/wp\/v2\/tags?post=24619"}],"curies":[{"name":"wp","href":"https:\/\/api.w.org\/{rel}","templated":true}]}}