{"id":26390,"date":"2018-11-01T14:23:10","date_gmt":"2018-11-01T18:23:10","guid":{"rendered":"https:\/\/www.federated.ca\/blog\/non-classifiee\/respond-to-data-breach\/"},"modified":"2025-04-29T17:58:31","modified_gmt":"2025-04-29T21:58:31","slug":"reagir-fuite-donnees","status":"publish","type":"post","link":"https:\/\/www.federated.ca\/fr\/blog\/risque-cybernetique\/reagir-fuite-donnees\/","title":{"rendered":"Comment r\u00e9agir \u00e0 une fuite de donn\u00e9es"},"content":{"rendered":"<div class=\"fusion-fullwidth fullwidth-box fusion-builder-row-1 fusion-flex-container nonhundred-percent-fullwidth non-hundred-percent-height-scrolling\" style=\"--awb-border-radius-top-left:0px;--awb-border-radius-top-right:0px;--awb-border-radius-bottom-right:0px;--awb-border-radius-bottom-left:0px;--awb-flex-wrap:wrap;\" ><div class=\"fusion-builder-row fusion-row fusion-flex-align-items-flex-start fusion-flex-content-wrap\" style=\"max-width:1404px;margin-left: calc(-4% \/ 2 );margin-right: calc(-4% \/ 2 );\"><div class=\"fusion-layout-column fusion_builder_column fusion-builder-column-0 fusion_builder_column_1_1 1_1 fusion-flex-column\" style=\"--awb-bg-size:cover;--awb-width-large:100%;--awb-margin-top-large:0px;--awb-spacing-right-large:1.92%;--awb-margin-bottom-large:0px;--awb-spacing-left-large:1.92%;--awb-width-medium:100%;--awb-spacing-right-medium:1.92%;--awb-spacing-left-medium:1.92%;--awb-width-small:100%;--awb-spacing-right-small:1.92%;--awb-spacing-left-small:1.92%;\"><div class=\"fusion-column-wrapper fusion-flex-justify-content-flex-start fusion-content-layout-column\"><div class=\"fusion-text fusion-text-1\"><p>Savoir comment r\u00e9agir ad\u00e9quatement \u00e0 une fuite de donn\u00e9es est essentiel pour toute entreprise. Apr\u00e8s tout, le temps c\u2019est de l\u2019argent, et il a \u00e9t\u00e9 d\u00e9montr\u00e9 qu\u2019un plan bien pens\u00e9 et \u00e9prouv\u00e9 permet aux entreprises d\u2019\u00e9conomiser des sommes importantes.<\/p>\n<p>Une \u00e9tude r\u00e9alis\u00e9e en 2018 par le Ponemon Institute indique que le d\u00e9ploiement d\u2019une \u00e9quipe d\u2019intervention est particuli\u00e8rement b\u00e9n\u00e9fique pour les entreprises, <a href=\"https:\/\/securityintelligence.com\/ponemon-cost-of-a-data-breach-2018\/\">leur faisant \u00e9conomiser 14\u00a0$ en moyenne par fichier compromis<\/a> (sur un co\u00fbt unitaire moyen de 148\u00a0$). Les experts internes et internes peuvent jouer un r\u00f4le central dans votre plan d\u2019intervention.<\/p>\n<p><strong><a href=\"https:\/\/www.federated.ca\/wp-content\/uploads\/2018\/11\/3772-003-Federated-WP-The-First-48-Hours-Data-Breach-v04F.pdf\">T\u00e9l\u00e9chargez notre document technique sur la fa\u00e7on de r\u00e9agir \u00e0 une fuite de donn\u00e9es.<\/a><\/strong><\/p>\n<h3>Aper\u00e7u de votre plan d\u2019intervention<\/h3>\n<p>Un plan d\u2019intervention en cas de fuite de donn\u00e9es comporte quatre \u00e9tapes cl\u00e9s, mais chacune d\u2019elle comprend de nombreux \u00e9l\u00e9ments. Vous devez donc pouvoir compter sur une \u00e9quipe bien pr\u00e9par\u00e9e. Le fait d\u2019\u00eatre bien pr\u00e9par\u00e9 augmente vos chances d\u2019\u00e9viter les dommages \u00e0 votre entreprise, \u00e0 sa r\u00e9putation et \u00e0 sa rentabilit\u00e9.<\/p>\n<h4>\u00c9tape 1\u00a0: Limiter les d\u00e9g\u00e2ts<\/h4>\n<p>Apr\u00e8s une atteinte \u00e0 la protection des donn\u00e9es, la premi\u00e8re chose \u00e0 faire est de limiter les d\u00e9g\u00e2ts.<\/p>\n<p>Il est important de faire part de la situation \u00e0 un conseiller juridique le plus t\u00f4t possible. En cas de probl\u00e8me de confidentialit\u00e9, cet expert vous aidera \u00e0 prot\u00e9ger toute information d\u00e9couverte pendant cette \u00e9tape et \u00e0 emp\u00eacher sa divulgation.<\/p>\n<h4>\u00c9tape\u00a02\u00a0: Faire enqu\u00eate<\/h4>\n<p>Au d\u00e9but de votre enqu\u00eate, vous devez vous poser les trois questions suivantes\u00a0:<\/p>\n<ul>\n<li>Quelles donn\u00e9es ont \u00e9t\u00e9 compromises?<\/li>\n<li>Comment l\u2019incident s\u2019est-il produit?<\/li>\n<li>Pouvez-vous r\u00e9gler le probl\u00e8me vous-m\u00eame?<\/li>\n<\/ul>\n<p>Si vous \u00eates en mesure de r\u00e9pondre de fa\u00e7on claire et simple \u00e0 ces questions, vous \u00eates sur la bonne voie.<\/p>\n<p><strong>Restez calme<\/strong><\/p>\n<p>Il est important de ne pas agir impulsivement; toutefois, adopter une attitude passive n\u2019est pas une approche qui convient \u00e0 tous les types d\u2019atteintes. Si vous n\u2019\u00eates pas certain des mesures \u00e0 prendre, vos sp\u00e9cialistes de la cybers\u00e9curit\u00e9 et votre conseiller juridique vous aideront \u00e0 d\u00e9cider de la meilleure approche \u00e0 adopter.<\/p>\n<p><strong>Prot\u00e9gez vos donn\u00e9es privil\u00e9gi\u00e9es<\/strong><\/p>\n<p>Votre conseiller juridique est un alli\u00e9 important lors d\u2019une fuite de donn\u00e9es. Il peut vous aider \u00e0 prot\u00e9ger l\u2019information privil\u00e9gi\u00e9e et mettre au fait les personnes concern\u00e9es.<\/p>\n<h4>\u00c9tape\u00a03\u00a0: Communiquer<\/h4>\n<p>Depuis le 1<sup>er<\/sup>\u00a0novembre\u00a02018, la <a href=\"https:\/\/www.priv.gc.ca\/fr\/sujets-lies-a-la-protection-de-la-vie-privee\/lois-sur-la-protection-des-renseignements-personnels-au-canada\/la-loi-sur-la-protection-des-renseignements-personnels-et-les-documents-electroniques-lprpde\/\"><em>Loi sur la protection des renseignements personnels et les documents \u00e9lectroniques<\/em><\/a> du gouvernement f\u00e9d\u00e9ral canadien oblige les entreprises \u00e0 informer les personnes et les entreprises touch\u00e9es par une atteinte et qui courent un risque r\u00e9el de pr\u00e9judice grave.<\/p>\n<p>Cette loi rend plus important que jamais pour les entreprises de d\u00e9terminer leurs obligations juridiques. Les communications contenant des renseignements essentiels peuvent prendre les formes suivantes\u00a0:<\/p>\n<ul>\n<li><strong>Envoyer les communications internes et externes\u00a0: <\/strong>Une \u00e9quipe des relations publiques peut recueillir les renseignements importants et collaborer avec les conseillers juridiques pour r\u00e9diger un message appropri\u00e9 \u00e0 l\u2019intention du public. Votre \u00e9quipe des ressources humaines supervise quant \u00e0 elle la communication avec vos employ\u00e9s.<\/li>\n<li><strong>Informer les administrateurs, les organismes de r\u00e9glementation et les intervenants\u00a0:<\/strong> Vos \u00e9quipes des relations publiques, des TI et des services juridiques doivent transmettre l\u2019information rendue publique aux membres de votre conseil d\u2019administration, et les tenir inform\u00e9s de l\u2019\u00e9volution de la situation par des mises \u00e0 jour r\u00e9guli\u00e8res.<\/li>\n<li><strong>D\u00e9signer un responsable\u00a0: <\/strong>La gestion d\u2019une atteinte \u00e0 la protection des donn\u00e9es est une lourde t\u00e2che qui peut prendre des semaines, voire des mois. C\u2019est pourquoi il est important qu\u2019une personne supervise l\u2019ensemble des mesures que votre entreprise devra prendre.<\/li>\n<\/ul>\n<h4>\u00c9tape 4\u00a0: Restaurer<\/h4>\n<p>Apr\u00e8s avoir mis fin \u00e0 toute fuite de donn\u00e9es, vous pourrez commencer \u00e0 vous r\u00e9tablir. Vous devrez d\u2019abord r\u00e9cup\u00e9rer les donn\u00e9es perdues, travailler \u00e0 pr\u00e9venir les pertes futures et comprendre les diff\u00e9rentes r\u00e9percussions de l\u2019incident. En r\u00e8gle g\u00e9n\u00e9rale, vous aurez besoin des conseils d\u2019un expert et d\u2019une aide pratique.<\/p>\n<p><strong>Proposez des services de surveillance du cr\u00e9dit<\/strong><\/p>\n<p>Il est courant d\u2019offrir des services de surveillance du cr\u00e9dit aux parties potentiellement touch\u00e9es. Cela pourrait \u00e9galement jouer en votre faveur en cas de poursuite.<\/p>\n<p><strong>Choisissez vos partenaires avec grand soin<\/strong><\/p>\n<p>De l\u2019aide ext\u00e9rieure peut \u00eatre grandement utile; toutefois, faites preuve de jugement dans le choix de vos partenaires. Si vous d\u00e9cidez de faire appel \u00e0 des fournisseurs pour soutenir vos efforts de reprise, assurez-vous qu\u2019ils poss\u00e8dent l\u2019exp\u00e9rience n\u00e9cessaire pour g\u00e9rer le type d\u2019atteinte dont vous \u00eates victime.<\/p>\n<p><strong>Un plan en cas de litige<\/strong><\/p>\n<p>L\u2019identit\u00e9 des personnes \u00e0 aviser de l\u2019incident est peut-\u00eatre r\u00e9gie par la loi. Il serait donc judicieux de vous en assurer avant tout, afin de savoir quoi faire une fois que vous aurez signal\u00e9 l\u2019incident aux autorit\u00e9s.<\/p>\n<h3><strong><a href=\"https:\/\/www.federated.ca\/wp-content\/uploads\/2018\/11\/3772-003-Federated-WP-The-First-48-Hours-Data-Breach-v04F.pdf\"><img decoding=\"async\" class=\"alignleft wp-image-26394\" src=\"https:\/\/www.federated.ca\/wp-content\/uploads\/2018\/11\/Whitepaper-cover_French.jpg\" alt=\"Image du document technique des Assurances Federated \u00e0 t\u00e9l\u00e9charger pour r\u00e9agir efficacement lors d\u2019une atteinte \u00e0 la protection des donn\u00e9es.\" width=\"298\" height=\"343\" srcset=\"https:\/\/www.federated.ca\/wp-content\/uploads\/2018\/11\/Whitepaper-cover_French-200x230.jpg 200w, https:\/\/www.federated.ca\/wp-content\/uploads\/2018\/11\/Whitepaper-cover_French-261x300.jpg 261w, https:\/\/www.federated.ca\/wp-content\/uploads\/2018\/11\/Whitepaper-cover_French-400x461.jpg 400w, https:\/\/www.federated.ca\/wp-content\/uploads\/2018\/11\/Whitepaper-cover_French-600x691.jpg 600w, https:\/\/www.federated.ca\/wp-content\/uploads\/2018\/11\/Whitepaper-cover_French.jpg 733w\" sizes=\"(max-width: 298px) 100vw, 298px\" \/><\/a><\/strong>Vous voulez en apprendre plus?<\/h3>\n<p>La gestion d\u2019une cyberattaque peut \u00eatre stressante et co\u00fbteuse. C\u2019est pourquoi la pr\u00e9paration \u00e0 un tel incident est si importante. Vous voulez en savoir plus sur les mesures \u00e0 prendre pour prot\u00e9ger votre entreprise?<\/p>\n<p><strong><a href=\"https:\/\/www.federated.ca\/wp-content\/uploads\/2018\/11\/3772-003-Federated-WP-The-First-48-Hours-Data-Breach-v04F.pdf\">T\u00e9l\u00e9chargez notre document technique sur la fa\u00e7on de r\u00e9agir \u00e0 une fuite de donn\u00e9es!<\/a><\/strong><\/p>\n<h3>Voici comment nous pouvons vous aider<\/h3>\n<p>M\u00eame si vous prenez les pr\u00e9cautions n\u00e9cessaires, les choses peuvent mal tourner. C\u2019est \u00e0 ce moment que la bonne solution d\u2019assurance pourrait venir \u00e0 votre rescousse.<\/p>\n<p>En ayant recours \u00e0 une assurance adapt\u00e9e \u00e0 votre situation, vous pourriez \u00e9viter d\u2019avoir \u00e0 assumer seul les frais juridiques, les amendes, les co\u00fbts de r\u00e9paration et les frais de reprise des activit\u00e9s de votre entreprise.<\/p>\n<p>Pour en savoir plus, visitez d\u00e8s aujourd\u2019hui notre <a href=\"https:\/\/www.federated.ca\/fr\/assurance-des-entreprises\/\">page consacr\u00e9e \u00e0 l\u2019assurance des entreprises<\/a>!<\/p>\n<p><em>Le pr\u00e9sent billet est fourni uniquement \u00e0 titre informatif et ne vise pas \u00e0 remplacer les conseils de professionnels.<\/em><em> Nous ne faisons aucune assertion et n\u2019offrons aucune garantie relativement \u00e0 l\u2019exactitude ou \u00e0 l\u2019int\u00e9gralit\u00e9 des renseignements qu\u2019il contient. Nous ne pourrons en aucun cas \u00eatre tenus responsables des pertes pouvant d\u00e9couler de l\u2019utilisation de ces renseignements.<\/em><\/p>\n<\/div><\/div><\/div><\/div><\/div>\n","protected":false},"excerpt":{"rendered":"","protected":false},"author":19,"featured_media":33273,"comment_status":"closed","ping_status":"closed","sticky":false,"template":"","format":"standard","meta":{"_acf_changed":false,"footnotes":""},"categories":[813],"tags":[],"class_list":["post-26390","post","type-post","status-publish","format-standard","has-post-thumbnail","hentry","category-risque-cybernetique"],"acf":[],"yoast_head":"<!-- This site is optimized with the Yoast SEO Premium plugin v27.4 (Yoast SEO v27.5) - https:\/\/yoast.com\/product\/yoast-seo-premium-wordpress\/ -->\n<title>Comment r\u00e9agir \u00e0 une fuite de donn\u00e9es- Les assurance Federated<\/title>\n<meta name=\"description\" content=\"Savoir comment r\u00e9agir \u00e0 une fuite de donn\u00e9es est essentiel. Nous vous expliquons donc ce qu\u2019un plan d\u2019intervention peut apporter \u00e0 votre entreprise et comment en \u00e9laborer un.\" \/>\n<meta name=\"robots\" content=\"index, follow, max-snippet:-1, max-image-preview:large, max-video-preview:-1\" \/>\n<link rel=\"canonical\" href=\"https:\/\/www.federated.ca\/fr\/blog\/risque-cybernetique\/reagir-fuite-donnees\/\" \/>\n<meta property=\"og:locale\" content=\"fr_FR\" \/>\n<meta property=\"og:type\" content=\"article\" \/>\n<meta property=\"og:title\" content=\"Comment r\u00e9agir \u00e0 une fuite de donn\u00e9es\" \/>\n<meta property=\"og:url\" content=\"https:\/\/www.federated.ca\/fr\/blog\/risque-cybernetique\/reagir-fuite-donnees\/\" \/>\n<meta property=\"og:site_name\" content=\"La Federated, Compagnie d\u2019assurance du Canada\" \/>\n<meta property=\"article:publisher\" content=\"https:\/\/www.facebook.com\/FedInsCanada\/\" \/>\n<meta property=\"article:published_time\" content=\"2018-11-01T18:23:10+00:00\" \/>\n<meta property=\"article:modified_time\" content=\"2025-04-29T21:58:31+00:00\" \/>\n<meta property=\"og:image\" content=\"https:\/\/www.federated.ca\/wp-content\/uploads\/2018\/11\/31-respond-to-data-breach-feature-image-700x300-1.jpg\" \/>\n\t<meta property=\"og:image:width\" content=\"700\" \/>\n\t<meta property=\"og:image:height\" content=\"300\" \/>\n\t<meta property=\"og:image:type\" content=\"image\/jpeg\" \/>\n<meta name=\"author\" content=\"Ellen Brait\" \/>\n<meta name=\"twitter:label1\" content=\"\u00c9crit par\" \/>\n\t<meta name=\"twitter:data1\" content=\"Ellen Brait\" \/>\n\t<meta name=\"twitter:label2\" content=\"Dur\u00e9e de lecture estim\u00e9e\" \/>\n\t<meta name=\"twitter:data2\" content=\"5 minutes\" \/>\n<script type=\"application\/ld+json\" class=\"yoast-schema-graph\">{\"@context\":\"https:\\\/\\\/schema.org\",\"@graph\":[{\"@type\":\"Article\",\"@id\":\"https:\\\/\\\/www.federated.ca\\\/fr\\\/blog\\\/risque-cybernetique\\\/reagir-fuite-donnees\\\/#article\",\"isPartOf\":{\"@id\":\"https:\\\/\\\/www.federated.ca\\\/fr\\\/blog\\\/risque-cybernetique\\\/reagir-fuite-donnees\\\/\"},\"author\":{\"name\":\"Ellen Brait\",\"@id\":\"https:\\\/\\\/www.federated.ca\\\/fr\\\/#\\\/schema\\\/person\\\/0f1d7a31d13f94af7d7b7ed870e2e655\"},\"headline\":\"Comment r\u00e9agir \u00e0 une fuite de donn\u00e9es\",\"datePublished\":\"2018-11-01T18:23:10+00:00\",\"dateModified\":\"2025-04-29T21:58:31+00:00\",\"mainEntityOfPage\":{\"@id\":\"https:\\\/\\\/www.federated.ca\\\/fr\\\/blog\\\/risque-cybernetique\\\/reagir-fuite-donnees\\\/\"},\"wordCount\":1340,\"publisher\":{\"@id\":\"https:\\\/\\\/www.federated.ca\\\/fr\\\/#organization\"},\"image\":{\"@id\":\"https:\\\/\\\/www.federated.ca\\\/fr\\\/blog\\\/risque-cybernetique\\\/reagir-fuite-donnees\\\/#primaryimage\"},\"thumbnailUrl\":\"https:\\\/\\\/www.federated.ca\\\/wp-content\\\/uploads\\\/2018\\\/11\\\/31-respond-to-data-breach-feature-image-700x300-1.jpg\",\"articleSection\":[\"Risque Cybern\u00e9tique\"],\"inLanguage\":\"fr-FR\"},{\"@type\":\"WebPage\",\"@id\":\"https:\\\/\\\/www.federated.ca\\\/fr\\\/blog\\\/risque-cybernetique\\\/reagir-fuite-donnees\\\/\",\"url\":\"https:\\\/\\\/www.federated.ca\\\/fr\\\/blog\\\/risque-cybernetique\\\/reagir-fuite-donnees\\\/\",\"name\":\"Comment r\u00e9agir \u00e0 une fuite de donn\u00e9es- Les assurance Federated\",\"isPartOf\":{\"@id\":\"https:\\\/\\\/www.federated.ca\\\/fr\\\/#website\"},\"primaryImageOfPage\":{\"@id\":\"https:\\\/\\\/www.federated.ca\\\/fr\\\/blog\\\/risque-cybernetique\\\/reagir-fuite-donnees\\\/#primaryimage\"},\"image\":{\"@id\":\"https:\\\/\\\/www.federated.ca\\\/fr\\\/blog\\\/risque-cybernetique\\\/reagir-fuite-donnees\\\/#primaryimage\"},\"thumbnailUrl\":\"https:\\\/\\\/www.federated.ca\\\/wp-content\\\/uploads\\\/2018\\\/11\\\/31-respond-to-data-breach-feature-image-700x300-1.jpg\",\"datePublished\":\"2018-11-01T18:23:10+00:00\",\"dateModified\":\"2025-04-29T21:58:31+00:00\",\"description\":\"Savoir comment r\u00e9agir \u00e0 une fuite de donn\u00e9es est essentiel. Nous vous expliquons donc ce qu\u2019un plan d\u2019intervention peut apporter \u00e0 votre entreprise et comment en \u00e9laborer un.\",\"breadcrumb\":{\"@id\":\"https:\\\/\\\/www.federated.ca\\\/fr\\\/blog\\\/risque-cybernetique\\\/reagir-fuite-donnees\\\/#breadcrumb\"},\"inLanguage\":\"fr-FR\",\"potentialAction\":[{\"@type\":\"ReadAction\",\"target\":[\"https:\\\/\\\/www.federated.ca\\\/fr\\\/blog\\\/risque-cybernetique\\\/reagir-fuite-donnees\\\/\"]}]},{\"@type\":\"ImageObject\",\"inLanguage\":\"fr-FR\",\"@id\":\"https:\\\/\\\/www.federated.ca\\\/fr\\\/blog\\\/risque-cybernetique\\\/reagir-fuite-donnees\\\/#primaryimage\",\"url\":\"https:\\\/\\\/www.federated.ca\\\/wp-content\\\/uploads\\\/2018\\\/11\\\/31-respond-to-data-breach-feature-image-700x300-1.jpg\",\"contentUrl\":\"https:\\\/\\\/www.federated.ca\\\/wp-content\\\/uploads\\\/2018\\\/11\\\/31-respond-to-data-breach-feature-image-700x300-1.jpg\",\"width\":700,\"height\":300,\"caption\":\"Responding to a cyber breach\"},{\"@type\":\"BreadcrumbList\",\"@id\":\"https:\\\/\\\/www.federated.ca\\\/fr\\\/blog\\\/risque-cybernetique\\\/reagir-fuite-donnees\\\/#breadcrumb\",\"itemListElement\":[{\"@type\":\"ListItem\",\"position\":1,\"name\":\"Home\",\"item\":\"https:\\\/\\\/www.federated.ca\\\/fr\\\/\"},{\"@type\":\"ListItem\",\"position\":2,\"name\":\"Comment r\u00e9agir \u00e0 une fuite de donn\u00e9es\"}]},{\"@type\":\"WebSite\",\"@id\":\"https:\\\/\\\/www.federated.ca\\\/fr\\\/#website\",\"url\":\"https:\\\/\\\/www.federated.ca\\\/fr\\\/\",\"name\":\"Federated Insurance Company of Canada\",\"description\":\"La s\u00e9curit\u00e9 de votre entreprise en t\u00eate\",\"publisher\":{\"@id\":\"https:\\\/\\\/www.federated.ca\\\/fr\\\/#organization\"},\"potentialAction\":[{\"@type\":\"SearchAction\",\"target\":{\"@type\":\"EntryPoint\",\"urlTemplate\":\"https:\\\/\\\/www.federated.ca\\\/fr\\\/?s={search_term_string}\"},\"query-input\":{\"@type\":\"PropertyValueSpecification\",\"valueRequired\":true,\"valueName\":\"search_term_string\"}}],\"inLanguage\":\"fr-FR\"},{\"@type\":\"Organization\",\"@id\":\"https:\\\/\\\/www.federated.ca\\\/fr\\\/#organization\",\"name\":\"Les assurances Federated\",\"url\":\"https:\\\/\\\/www.federated.ca\\\/fr\\\/\",\"logo\":{\"@type\":\"ImageObject\",\"inLanguage\":\"fr-FR\",\"@id\":\"https:\\\/\\\/www.federated.ca\\\/fr\\\/#\\\/schema\\\/logo\\\/image\\\/\",\"url\":\"https:\\\/\\\/www.federated.ca\\\/wp-content\\\/uploads\\\/2015\\\/03\\\/FED_ENG_NOtag_shiftnav_210x52.png\",\"contentUrl\":\"https:\\\/\\\/www.federated.ca\\\/wp-content\\\/uploads\\\/2015\\\/03\\\/FED_ENG_NOtag_shiftnav_210x52.png\",\"width\":210,\"height\":52,\"caption\":\"Les assurances Federated\"},\"image\":{\"@id\":\"https:\\\/\\\/www.federated.ca\\\/fr\\\/#\\\/schema\\\/logo\\\/image\\\/\"},\"sameAs\":[\"https:\\\/\\\/www.facebook.com\\\/FedInsCanada\\\/\",\"https:\\\/\\\/www.instagram.com\\\/federatedinsuranceca\\\/\",\"https:\\\/\\\/www.linkedin.com\\\/authwall?trk=ripf&amp;amp;amp;trkInfo=AQExgtg9_9rmAQAAAVx-tQL4XBOielaWooxEaw4kQGfXIqAVlPw7IbVWBdg-4ezDWDNXO2cp0GXtaWrXpPlk3S8ZhjlEcvoxf5Jti8CypWckNTc3e85aDADZtFHeDNEVc5LgQ80=&amp;amp;amp;originalReferer=http:\\\/\\\/avada.federated.ca\\\/business-insurance\\\/automotive-dealers-insurance\\\/&amp;amp;amp;sessionRedirect=https:\\\/\\\/www.linkedin.com\\\/company\\\/federated-insurance\",\"https:\\\/\\\/www.youtube.com\\\/channel\\\/UC2TYZAr9C3puo4Tvg9Q151Q\"],\"description\":\"With Federated Insurance, you work directly with an industry expert who is committed to understanding the unique risks and opportunities associated with your business. With a dedicated agent and risk management team on your side, you will always get the right coverage for your company and can focus on what matters most. Trust. Advise. Protect.\",\"email\":\"info@federated.ca\",\"telephone\":\"1.844.628.6800\",\"legalName\":\"Federated Insurance\"},{\"@type\":\"Person\",\"@id\":\"https:\\\/\\\/www.federated.ca\\\/fr\\\/#\\\/schema\\\/person\\\/0f1d7a31d13f94af7d7b7ed870e2e655\",\"name\":\"Ellen Brait\"}]}<\/script>\n<!-- \/ Yoast SEO Premium plugin. -->","yoast_head_json":{"title":"Comment r\u00e9agir \u00e0 une fuite de donn\u00e9es- Les assurance Federated","description":"Savoir comment r\u00e9agir \u00e0 une fuite de donn\u00e9es est essentiel. Nous vous expliquons donc ce qu\u2019un plan d\u2019intervention peut apporter \u00e0 votre entreprise et comment en \u00e9laborer un.","robots":{"index":"index","follow":"follow","max-snippet":"max-snippet:-1","max-image-preview":"max-image-preview:large","max-video-preview":"max-video-preview:-1"},"canonical":"https:\/\/www.federated.ca\/fr\/blog\/risque-cybernetique\/reagir-fuite-donnees\/","og_locale":"fr_FR","og_type":"article","og_title":"Comment r\u00e9agir \u00e0 une fuite de donn\u00e9es","og_url":"https:\/\/www.federated.ca\/fr\/blog\/risque-cybernetique\/reagir-fuite-donnees\/","og_site_name":"La Federated, Compagnie d\u2019assurance du Canada","article_publisher":"https:\/\/www.facebook.com\/FedInsCanada\/","article_published_time":"2018-11-01T18:23:10+00:00","article_modified_time":"2025-04-29T21:58:31+00:00","og_image":[{"width":700,"height":300,"url":"https:\/\/www.federated.ca\/wp-content\/uploads\/2018\/11\/31-respond-to-data-breach-feature-image-700x300-1.jpg","type":"image\/jpeg"}],"author":"Ellen Brait","twitter_misc":{"\u00c9crit par":"Ellen Brait","Dur\u00e9e de lecture estim\u00e9e":"5 minutes"},"schema":{"@context":"https:\/\/schema.org","@graph":[{"@type":"Article","@id":"https:\/\/www.federated.ca\/fr\/blog\/risque-cybernetique\/reagir-fuite-donnees\/#article","isPartOf":{"@id":"https:\/\/www.federated.ca\/fr\/blog\/risque-cybernetique\/reagir-fuite-donnees\/"},"author":{"name":"Ellen Brait","@id":"https:\/\/www.federated.ca\/fr\/#\/schema\/person\/0f1d7a31d13f94af7d7b7ed870e2e655"},"headline":"Comment r\u00e9agir \u00e0 une fuite de donn\u00e9es","datePublished":"2018-11-01T18:23:10+00:00","dateModified":"2025-04-29T21:58:31+00:00","mainEntityOfPage":{"@id":"https:\/\/www.federated.ca\/fr\/blog\/risque-cybernetique\/reagir-fuite-donnees\/"},"wordCount":1340,"publisher":{"@id":"https:\/\/www.federated.ca\/fr\/#organization"},"image":{"@id":"https:\/\/www.federated.ca\/fr\/blog\/risque-cybernetique\/reagir-fuite-donnees\/#primaryimage"},"thumbnailUrl":"https:\/\/www.federated.ca\/wp-content\/uploads\/2018\/11\/31-respond-to-data-breach-feature-image-700x300-1.jpg","articleSection":["Risque Cybern\u00e9tique"],"inLanguage":"fr-FR"},{"@type":"WebPage","@id":"https:\/\/www.federated.ca\/fr\/blog\/risque-cybernetique\/reagir-fuite-donnees\/","url":"https:\/\/www.federated.ca\/fr\/blog\/risque-cybernetique\/reagir-fuite-donnees\/","name":"Comment r\u00e9agir \u00e0 une fuite de donn\u00e9es- Les assurance Federated","isPartOf":{"@id":"https:\/\/www.federated.ca\/fr\/#website"},"primaryImageOfPage":{"@id":"https:\/\/www.federated.ca\/fr\/blog\/risque-cybernetique\/reagir-fuite-donnees\/#primaryimage"},"image":{"@id":"https:\/\/www.federated.ca\/fr\/blog\/risque-cybernetique\/reagir-fuite-donnees\/#primaryimage"},"thumbnailUrl":"https:\/\/www.federated.ca\/wp-content\/uploads\/2018\/11\/31-respond-to-data-breach-feature-image-700x300-1.jpg","datePublished":"2018-11-01T18:23:10+00:00","dateModified":"2025-04-29T21:58:31+00:00","description":"Savoir comment r\u00e9agir \u00e0 une fuite de donn\u00e9es est essentiel. Nous vous expliquons donc ce qu\u2019un plan d\u2019intervention peut apporter \u00e0 votre entreprise et comment en \u00e9laborer un.","breadcrumb":{"@id":"https:\/\/www.federated.ca\/fr\/blog\/risque-cybernetique\/reagir-fuite-donnees\/#breadcrumb"},"inLanguage":"fr-FR","potentialAction":[{"@type":"ReadAction","target":["https:\/\/www.federated.ca\/fr\/blog\/risque-cybernetique\/reagir-fuite-donnees\/"]}]},{"@type":"ImageObject","inLanguage":"fr-FR","@id":"https:\/\/www.federated.ca\/fr\/blog\/risque-cybernetique\/reagir-fuite-donnees\/#primaryimage","url":"https:\/\/www.federated.ca\/wp-content\/uploads\/2018\/11\/31-respond-to-data-breach-feature-image-700x300-1.jpg","contentUrl":"https:\/\/www.federated.ca\/wp-content\/uploads\/2018\/11\/31-respond-to-data-breach-feature-image-700x300-1.jpg","width":700,"height":300,"caption":"Responding to a cyber breach"},{"@type":"BreadcrumbList","@id":"https:\/\/www.federated.ca\/fr\/blog\/risque-cybernetique\/reagir-fuite-donnees\/#breadcrumb","itemListElement":[{"@type":"ListItem","position":1,"name":"Home","item":"https:\/\/www.federated.ca\/fr\/"},{"@type":"ListItem","position":2,"name":"Comment r\u00e9agir \u00e0 une fuite de donn\u00e9es"}]},{"@type":"WebSite","@id":"https:\/\/www.federated.ca\/fr\/#website","url":"https:\/\/www.federated.ca\/fr\/","name":"Federated Insurance Company of Canada","description":"La s\u00e9curit\u00e9 de votre entreprise en t\u00eate","publisher":{"@id":"https:\/\/www.federated.ca\/fr\/#organization"},"potentialAction":[{"@type":"SearchAction","target":{"@type":"EntryPoint","urlTemplate":"https:\/\/www.federated.ca\/fr\/?s={search_term_string}"},"query-input":{"@type":"PropertyValueSpecification","valueRequired":true,"valueName":"search_term_string"}}],"inLanguage":"fr-FR"},{"@type":"Organization","@id":"https:\/\/www.federated.ca\/fr\/#organization","name":"Les assurances Federated","url":"https:\/\/www.federated.ca\/fr\/","logo":{"@type":"ImageObject","inLanguage":"fr-FR","@id":"https:\/\/www.federated.ca\/fr\/#\/schema\/logo\/image\/","url":"https:\/\/www.federated.ca\/wp-content\/uploads\/2015\/03\/FED_ENG_NOtag_shiftnav_210x52.png","contentUrl":"https:\/\/www.federated.ca\/wp-content\/uploads\/2015\/03\/FED_ENG_NOtag_shiftnav_210x52.png","width":210,"height":52,"caption":"Les assurances Federated"},"image":{"@id":"https:\/\/www.federated.ca\/fr\/#\/schema\/logo\/image\/"},"sameAs":["https:\/\/www.facebook.com\/FedInsCanada\/","https:\/\/www.instagram.com\/federatedinsuranceca\/","https:\/\/www.linkedin.com\/authwall?trk=ripf&amp;amp;amp;trkInfo=AQExgtg9_9rmAQAAAVx-tQL4XBOielaWooxEaw4kQGfXIqAVlPw7IbVWBdg-4ezDWDNXO2cp0GXtaWrXpPlk3S8ZhjlEcvoxf5Jti8CypWckNTc3e85aDADZtFHeDNEVc5LgQ80=&amp;amp;amp;originalReferer=http:\/\/avada.federated.ca\/business-insurance\/automotive-dealers-insurance\/&amp;amp;amp;sessionRedirect=https:\/\/www.linkedin.com\/company\/federated-insurance","https:\/\/www.youtube.com\/channel\/UC2TYZAr9C3puo4Tvg9Q151Q"],"description":"With Federated Insurance, you work directly with an industry expert who is committed to understanding the unique risks and opportunities associated with your business. With a dedicated agent and risk management team on your side, you will always get the right coverage for your company and can focus on what matters most. Trust. Advise. Protect.","email":"info@federated.ca","telephone":"1.844.628.6800","legalName":"Federated Insurance"},{"@type":"Person","@id":"https:\/\/www.federated.ca\/fr\/#\/schema\/person\/0f1d7a31d13f94af7d7b7ed870e2e655","name":"Ellen Brait"}]}},"_links":{"self":[{"href":"https:\/\/www.federated.ca\/fr\/wp-json\/wp\/v2\/posts\/26390","targetHints":{"allow":["GET"]}}],"collection":[{"href":"https:\/\/www.federated.ca\/fr\/wp-json\/wp\/v2\/posts"}],"about":[{"href":"https:\/\/www.federated.ca\/fr\/wp-json\/wp\/v2\/types\/post"}],"author":[{"embeddable":true,"href":"https:\/\/www.federated.ca\/fr\/wp-json\/wp\/v2\/users\/19"}],"replies":[{"embeddable":true,"href":"https:\/\/www.federated.ca\/fr\/wp-json\/wp\/v2\/comments?post=26390"}],"version-history":[{"count":0,"href":"https:\/\/www.federated.ca\/fr\/wp-json\/wp\/v2\/posts\/26390\/revisions"}],"wp:featuredmedia":[{"embeddable":true,"href":"https:\/\/www.federated.ca\/fr\/wp-json\/wp\/v2\/media\/33273"}],"wp:attachment":[{"href":"https:\/\/www.federated.ca\/fr\/wp-json\/wp\/v2\/media?parent=26390"}],"wp:term":[{"taxonomy":"category","embeddable":true,"href":"https:\/\/www.federated.ca\/fr\/wp-json\/wp\/v2\/categories?post=26390"},{"taxonomy":"post_tag","embeddable":true,"href":"https:\/\/www.federated.ca\/fr\/wp-json\/wp\/v2\/tags?post=26390"}],"curies":[{"name":"wp","href":"https:\/\/api.w.org\/{rel}","templated":true}]}}