{"id":33063,"date":"2020-12-11T10:14:45","date_gmt":"2020-12-11T15:14:45","guid":{"rendered":"https:\/\/www.federated.ca\/?p=33063"},"modified":"2024-10-08T15:41:48","modified_gmt":"2024-10-08T19:41:48","slug":"preparez-votre-entreprise-aux-phenomenes-meteorologiques-extremes","status":"publish","type":"post","link":"https:\/\/www.federated.ca\/fr\/blog\/prevention-des-risques\/preparez-votre-entreprise-aux-phenomenes-meteorologiques-extremes\/","title":{"rendered":"Pr\u00e9parez votre entreprise aux ph\u00e9nom\u00e8nes m\u00e9t\u00e9orologiques extr\u00eames"},"content":{"rendered":"<div class=\"fusion-fullwidth fullwidth-box fusion-builder-row-1 fusion-flex-container nonhundred-percent-fullwidth non-hundred-percent-height-scrolling\" style=\"--awb-border-radius-top-left:0px;--awb-border-radius-top-right:0px;--awb-border-radius-bottom-right:0px;--awb-border-radius-bottom-left:0px;--awb-flex-wrap:wrap;\" ><div class=\"fusion-builder-row fusion-row fusion-flex-align-items-flex-start fusion-flex-content-wrap\" style=\"max-width:1404px;margin-left: calc(-4% \/ 2 );margin-right: calc(-4% \/ 2 );\"><div class=\"fusion-layout-column fusion_builder_column fusion-builder-column-0 fusion_builder_column_1_1 1_1 fusion-flex-column\" style=\"--awb-bg-size:cover;--awb-width-large:100%;--awb-margin-top-large:0px;--awb-spacing-right-large:1.92%;--awb-margin-bottom-large:0px;--awb-spacing-left-large:1.92%;--awb-width-medium:100%;--awb-spacing-right-medium:1.92%;--awb-spacing-left-medium:1.92%;--awb-width-small:100%;--awb-spacing-right-small:1.92%;--awb-spacing-left-small:1.92%;\"><div class=\"fusion-column-wrapper fusion-flex-justify-content-flex-start fusion-content-layout-column\"><div class=\"fusion-text fusion-text-1\"><p>Les conditions m\u00e9t\u00e9orologiques extr\u00eames et les catastrophes naturelles causent chaque ann\u00e9e des dommages de plusieurs milliards de dollars au Canada. Et la facture est \u00e9lev\u00e9e\u00a0: selon le <a href=\"https:\/\/bac-quebec.qc.ca\/media\/5503\/20200121_communique_total-dommages-conditions-meteo-extremes-2019.pdf\">Bureau d\u2019assurance du Canada (BAC)<\/a>, les dommages assur\u00e9s attribuables \u00e0 des inondations et des temp\u00eates de pluie, de neige ou de vent ont atteint 1,3\u00a0milliard de dollars en 2019.<\/p>\n<p>Ce chiffre devrait augmenter en raison des changements climatiques, et aucune entreprise ni aucun secteur n\u2019est \u00e0 l\u2019abri.<\/p>\n<p><a href=\"https:\/\/www.federated.ca\/wp-content\/uploads\/2020\/12\/3772-006-Federated-WP-Natural-Catastrophes-v06F.pdf\"><em>[T\u00e9l\u00e9chargez notre document technique sur la fa\u00e7on de pr\u00e9parer votre entreprise aux ph\u00e9nom\u00e8nes m\u00e9t\u00e9orologiques extr\u00eames]<\/em><\/a><a href=\"https:\/\/www.federated.ca\/wp-content\/uploads\/2020\/12\/3772-006-Federated-WP-Natural-Catastrophes-v06F.pdf\"><img decoding=\"async\" class=\"alignleft wp-image-33064\" src=\"https:\/\/www.federated.ca\/wp-content\/uploads\/2020\/12\/fre-fed-nat-cat.png\" alt=\"\" width=\"429\" height=\"558\" srcset=\"https:\/\/www.federated.ca\/wp-content\/uploads\/2020\/12\/fre-fed-nat-cat-200x260.png 200w, https:\/\/www.federated.ca\/wp-content\/uploads\/2020\/12\/fre-fed-nat-cat-231x300.png 231w, https:\/\/www.federated.ca\/wp-content\/uploads\/2020\/12\/fre-fed-nat-cat-400x520.png 400w, https:\/\/www.federated.ca\/wp-content\/uploads\/2020\/12\/fre-fed-nat-cat-600x780.png 600w, https:\/\/www.federated.ca\/wp-content\/uploads\/2020\/12\/fre-fed-nat-cat.png 644w\" sizes=\"(max-width: 429px) 100vw, 429px\" \/><\/a><\/p>\n<p><strong>Incidence des changements climatiques<\/strong><\/p>\n<p>Nous voyons d\u00e9j\u00e0 les cons\u00e9quences des changements climatiques, qui se traduisent par des ph\u00e9nom\u00e8nes m\u00e9t\u00e9orologiques extr\u00eames et des catastrophes naturelles, ainsi que les dommages et les destructions qu\u2019ils causent.<\/p>\n<p>Au Canada, certains des plus grands d\u00e9fis climatiques que devront relever les entreprises sont la perturbation des travaux de construction ou de la logistique, les p\u00e9nuries de ressources ou de mati\u00e8res premi\u00e8res et l\u2019augmentation ou l\u2019impr\u00e9visibilit\u00e9 des co\u00fbts \u00e9nerg\u00e9tiques, selon un <a href=\"https:\/\/www.cpacanada.ca\/fr\/ressources-en-comptabilite-et-en-affaires\/domaines-connexes\/durabilite\/publications\/quatre-impacts-des-changements-climatiques-sur-votre-entreprise\">article de CPA Canada<\/a>.<\/p>\n<p>Pour r\u00e9duire les risques de probl\u00e8mes, les architectes et les constructeurs doivent bien r\u00e9fl\u00e9chir \u00e0 l\u2019endroit o\u00f9 les b\u00e2timents seront construits\u00a0: s\u2019agit-il d\u2019une plaine inondable? D\u2019une zone sujette \u00e0 de r\u00e9guli\u00e8res bourrasques de neige?<\/p>\n<p>Selon Fred\u00a0Muldowney-Brooks, vice-pr\u00e9sident du Service de pr\u00e9vention des Assurances Federated, \u00ab\u00a0nous devons examiner notre empreinte urbaine et voir ce que nous devons faire pour prot\u00e9ger les immeubles \u00e0 l\u2019avenir.\u00a0\u00bb<\/p>\n<p>Il faut \u00e9galement innover dans le domaine de la construction et b\u00e2tir de fa\u00e7on durable. Par exemple, le bois est flexible et constitue un mat\u00e9riau de construction id\u00e9al pour Vancouver, car il r\u00e9siste mieux aux tremblements de terre. Une fois le b\u00e2timent construit, il y a d\u2019autres fa\u00e7ons pour les propri\u00e9taires et les r\u00e9sidents de se pr\u00e9parer aux ph\u00e9nom\u00e8nes m\u00e9t\u00e9orologiques extr\u00eames, comme se tenir au courant de la m\u00e9t\u00e9o et prendre les mesures qui s\u2019imposent.<\/p>\n<p><strong>Ph\u00e9nom\u00e8nes m\u00e9t\u00e9orologiques extr\u00eames<\/strong><\/p>\n<p>Certaines des principales catastrophes naturelles seront exacerb\u00e9es par les changements climatiques, dont les feux de v\u00e9g\u00e9tation, les inondations, les temp\u00eates de vent, de neige et de glace violentes, et les tornades.<\/p>\n<p><em>Feux de v\u00e9g\u00e9tation<\/em><\/p>\n<p>Selon le rapport de l\u2019Institut d\u2019assurance du Canada, la superficie totale du territoire national touch\u00e9 par les feux de for\u00eat a plus que doubl\u00e9 dans les 50\u00a0derni\u00e8res ann\u00e9es, et le nombre d\u2019incendies de grande envergure a augment\u00e9, de m\u00eame que leur intensit\u00e9 moyenne. Dans les zones foresti\u00e8res, un temps plus chaud, plus sec et plus venteux pourrait aggraver les conditions propices aux feux de v\u00e9g\u00e9tation extr\u00eames, augmenter le nombre de jours de propagation du feu et prolonger la saison des feux.<\/p>\n<p>La saison des feux de for\u00eat s\u2019\u00e9tend g\u00e9n\u00e9ralement du d\u00e9but du printemps \u00e0 l\u2019automne, et les feux peuvent se produire n\u2019importe o\u00f9 au Canada. Selon <a href=\"https:\/\/www.iclr.org\/wp-content\/uploads\/PDFS\/ICLR_toolkit_FINAl_8_18_08.pdf\">l\u2019Institut de pr\u00e9vention des sinistres catastrophiques<\/a> (IPSC), les entreprises sont expos\u00e9es \u00e0 un risque maximal si elles ont de la v\u00e9g\u00e9tation dans un rayon de 30\u00a0m\u00e8tres de leur b\u00e2timent.<\/p>\n<p>De son c\u00f4t\u00e9, Ressources naturelles Canada a mis en place le <a href=\"https:\/\/cwfis.cfs.nrcan.gc.ca\/accueil\">Syst\u00e8me canadien d\u2019information sur les feux de v\u00e9g\u00e9tation<\/a>, qui g\u00e9n\u00e8re quotidiennement des cartes des risques d\u2019incendie et de comportement du feu ainsi que des cartes des points chauds durant toute la saison des incendies de for\u00eat.<\/p>\n<p>Il existe \u00e9galement des mesures pr\u00e9ventives que peuvent prendre les propri\u00e9taires d\u2019entreprise, comme installer des extincteurs et des avertisseurs de fum\u00e9e dans leurs locaux et ad\u00e9quatement former les employ\u00e9s pour la manipulation et l\u2019utilisation d\u2019\u00e9quipement qui pourrait causer des incendies ou des blessures graves. Voici quelques autres mesures \u00e0 adopter\u00a0:<\/p>\n<ul>\n<li>Enlever r\u00e9guli\u00e8rement les d\u00e9bris<\/li>\n<li>D\u00e9limiter une zone pour fumeurs<\/li>\n<li>Am\u00e9liorer l\u2019infrastructure<\/li>\n<\/ul>\n<p><em>Inondations<\/em><\/p>\n<p>Le Canada est bord\u00e9 de trois oc\u00e9ans et compte plus de lacs que n\u2019importe quel autre pays du monde, dont quatre des Grands Lacs. Il est donc tout naturel que le pays soit sujet aux inondations. Les inondations peuvent se produire \u00e0 n\u2019importe quel moment de l\u2019ann\u00e9e et les changements climatiques en aggraveront probablement les risques.<\/p>\n<p>En effet, des pluies plus intenses pourraient augmenter le risque d\u2019inondation en milieu urbain, et on peut lire dans le <a href=\"https:\/\/changingclimate.ca\/CCCR2019\/fr\/\">Rapport sur le climat changeant du Canada\u00a0(2019<\/a>)\u00a0que l\u2019\u00e9l\u00e9vation du niveau de la mer fera grimper le risque d\u2019inondations c\u00f4ti\u00e8res. En outre, <a href=\"https:\/\/www.insuranceinstitute.ca\/fr\/resources\/insights-research\/Climate-risks-report\">selon l\u2019Institut d\u2019assurance du Canada<\/a>, la fr\u00e9quence et l\u2019intensit\u00e9 accrues des \u00e9pisodes de pluies torrentielles pourraient occasionnellement surcharger les syst\u00e8mes d\u2019\u00e9gouts vieillissants et inonder les sous-sols des b\u00e2timents.<\/p>\n<p>Il est important de d\u00e9finir les risques d\u2019inondation (inondation c\u00f4ti\u00e8re, d\u00e9bordement de cours d\u2019eau, refoulement d\u2019\u00e9gout, eaux de surface, etc.) de m\u00eame que leurs r\u00e9percussions possibles sur vos activit\u00e9s. Pour vous assurer de demeurer \u00e0 l\u2019aff\u00fbt des alertes en vigueur, vous pouvez mandater quelqu\u2019un au sein de votre entreprise pour faire un suivi des rapports produits par des sources fiables et tenir la haute direction ou l\u2019\u00e9quipe de planification de la reprise apr\u00e8s sinistre au courant des derni\u00e8res nouvelles.<\/p>\n<p>Si votre entreprise est situ\u00e9e dans une zone \u00e0 risque ou est entour\u00e9e d\u2019immeubles en b\u00e9ton, assurez-vous de prendre les mesures suivantes\u00a0:<\/p>\n<ul>\n<li>Confirmez que votre personnel saura quoi faire en cas\u00a0d\u2019inondation.<\/li>\n<li>Dressez la liste de vos employ\u00e9s et notez-y leurs coordonn\u00e9es, en cas d\u2019\u00e9vacuation.<\/li>\n<li>\u00c9tablissez des parcours d\u2019\u00e9vacuation et organisez des exercices d\u2019\u00e9vacuation pour le personnel.<\/li>\n<\/ul>\n<p><em>Temp\u00eates hivernales, de verglas et de neige<\/em><\/p>\n<p>Les Canadiens connaissent bien les temp\u00eates de neige et de verglas. N\u00e9anmoins, une grosse temp\u00eate hivernale pourrait entra\u00eener une panne de courant, de chauffage ou de t\u00e9l\u00e9communications durant des heures, voire des jours, comme ce fut le cas en 2013 dans le centre et l\u2019est du Canada. Les changements climatiques pourraient m\u00eame rendre ces <a href=\"https:\/\/www.cbc.ca\/news\/canada\/british-columbia\/climate-change-snowfall-1.3974782\">temp\u00eates plus fr\u00e9quentes<\/a> et plus intenses, car l\u2019air chaud retient davantage l\u2019humidit\u00e9.<\/p>\n<p>Mieux vaut donc se pr\u00e9parer au pire sc\u00e9nario. Voici quelques points \u00e0 garder en t\u00eate\u00a0:<\/p>\n<ul>\n<li>Assurez-vous d\u2019avoir une source d\u2019alimentation de secours, par exemple des g\u00e9n\u00e9ratrices d\u2019appoint, ainsi que quelques lampes de poche et piles pour que vos employ\u00e9s puissent se d\u00e9placer dans l\u2019espace de travail de fa\u00e7on s\u00e9curitaire.<\/li>\n<li>Effectuez des travaux d\u2019entretien r\u00e9guliers avant, pendant et apr\u00e8s l\u2019hiver.<\/li>\n<li>Scellez les fen\u00eatres, les portes et les murs ext\u00e9rieurs fissur\u00e9s au moyen de calfeutrant ou de fibre isolante; assurez-vous \u00e9galement d\u2019isoler et de sceller les cloisons, les conduites de ventilation, les colonnes de plomberie et les saign\u00e9es de syst\u00e8mes m\u00e9caniques ou \u00e9lectriques.<\/li>\n<\/ul>\n<p><em>Tornades et temp\u00eates de vent<\/em><\/p>\n<p><a href=\"https:\/\/www.iclr.org\/wind\/#1510741678219-44ef3623-da4e\">Selon l\u2019IPSC<\/a>, le Canada conna\u00eet tous les types de vents violents. Les vents violents accompagnent souvent les catastrophes naturelles, causent des pannes de courant et endommagent les toitures et les b\u00e2timents. Ils peuvent aussi transformer les objets non fix\u00e9s en dangereux projectiles. Rappelons que les changements climatiques devraient exacerber la fr\u00e9quence et la gravit\u00e9 des orages qui s\u2019accompagnent de vents violents, de gr\u00ealons et de tornades, <a href=\"https:\/\/www.insuranceinstitute.ca\/fr\/resources\/insights-research\/Climate-risks-report\">selon un rapport de l\u2019Institut d\u2019assurance du Canada<\/a>.<\/p>\n<p>Il est important de rester au courant des \u00e9v\u00e9nements m\u00e9t\u00e9o \u00e0 venir, y compris les temp\u00eates de vent et les tornades. Vous pouvez \u00e9galement prot\u00e9ger votre b\u00e2timent en prenant les pr\u00e9cautions de base suivantes\u00a0:<\/p>\n<ul>\n<li>Inspectez le b\u00e2timent et r\u00e9parez les composantes mal fix\u00e9es ou endommag\u00e9es, comme des bardeaux, des couvertures et des briques. Enlevez les arbres et les branches qui pourraient tomber sur le toit ou les lignes \u00e9lectriques.<\/li>\n<li>R\u00e9novez votre b\u00e2timent, par exemple en contreventant ou en la fixant solidement votre toiture, et rendez vos portes ext\u00e9rieures plus r\u00e9sistantes au vent.<\/li>\n<\/ul>\n<p><strong>Planification de la continuit\u00e9 des activit\u00e9s et de la reprise apr\u00e8s sinistre<\/strong><\/p>\n<p>Les catastrophes arrivent partout, sans avertir. C\u2019est pourquoi vous devez avoir un plan de continuit\u00e9 des activit\u00e9s pour votre entreprise. En gros, planifier la continuit\u00e9 des activit\u00e9s, c\u2019est se pr\u00e9parer au pire, y compris pr\u00e9voir l\u2019impr\u00e9visible. Faites d\u2019abord une analyse des risques pour comprendre quels sont vos points faibles. Une bonne partie de votre programme de gestion des risques devrait \u00eatre consacr\u00e9e \u00e0 la reprise du cours normal de vos activit\u00e9s dans les plus brefs d\u00e9lais.<\/p>\n<p>Ce plan devrait r\u00e9pondre \u00e0 plusieurs questions, notamment aux suivantes\u00a0: Si vous ne pouvez pas retourner imm\u00e9diatement dans vos installations, o\u00f9 vous \u00e9tablirez-vous temporairement? Votre personnel conna\u00eet-il le protocole \u00e0 suivre en cas d\u2019urgence?<\/p>\n<p>Vous devriez aussi calculer combien une catastrophe naturelle pourrait co\u00fbter \u00e0 votre entreprise. L\u2019assurance est donc essentielle pour b\u00e2tir une strat\u00e9gie efficace de continuit\u00e9 des activit\u00e9s. Si votre petite entreprise est d\u00e9j\u00e0 assur\u00e9e, prenez le temps de voir ce que couvre effectivement votre police d\u2019assurance. Si vous constatez des lacunes, c\u2019est peut-\u00eatre le temps de revoir vos assurances.<\/p>\n<p>Pour en savoir plus sur la planification de la continuit\u00e9 des activit\u00e9s, consultez notre guide d\u00e9taill\u00e9, qui comprend des instructions pas-\u00e0-pas et des listes de v\u00e9rification utiles\u00a0: <a href=\"https:\/\/www.northbridgeinsurance.ca\/wp-content\/uploads\/2020\/03\/3317-001-Business-Continuity-Planning-Guide-v05F.pdf\">Nous sommes ouverts\u00a0: Planification de la continuit\u00e9 des activit\u00e9s<\/a>.<\/p>\n<p><em>Le pr\u00e9sent billet est fourni uniquement \u00e0 titre informatif et ne vise pas \u00e0 remplacer les conseils de professionnels. Nous ne faisons aucune assertion et n\u2019offrons aucune garantie relativement \u00e0 l\u2019exactitude ou \u00e0 l\u2019int\u00e9gralit\u00e9 des renseignements pr\u00e9sent\u00e9s. Nous ne pourrons en aucun cas \u00eatre tenus pour responsables des pertes pouvant d\u00e9couler de leur utilisation.<\/em><\/p>\n<\/div><\/div><\/div><\/div><\/div>\n","protected":false},"excerpt":{"rendered":"","protected":false},"author":11,"featured_media":33066,"comment_status":"closed","ping_status":"closed","sticky":false,"template":"","format":"standard","meta":{"_acf_changed":false,"footnotes":""},"categories":[186],"tags":[],"class_list":["post-33063","post","type-post","status-publish","format-standard","has-post-thumbnail","hentry","category-prevention-des-risques"],"acf":[],"yoast_head":"<!-- This site is optimized with the Yoast SEO Premium plugin v27.4 (Yoast SEO v27.5) - https:\/\/yoast.com\/product\/yoast-seo-premium-wordpress\/ -->\n<title>Pr\u00e9parez votre entreprise aux ph\u00e9nom\u00e8nes m\u00e9t\u00e9orologiques extr\u00eames<\/title>\n<meta name=\"description\" content=\"La fr\u00e9quence des ph\u00e9nom\u00e8nes m\u00e9t\u00e9orologiques extr\u00eames devrait augmenter dans les prochaines ann\u00e9es. Assurez-vous que votre entreprise est pr\u00eate \u00e0 affronter toute catastrophe naturelle.\" \/>\n<meta name=\"robots\" content=\"index, follow, max-snippet:-1, max-image-preview:large, max-video-preview:-1\" \/>\n<link rel=\"canonical\" href=\"https:\/\/www.federated.ca\/fr\/blog\/prevention-des-risques\/preparez-votre-entreprise-aux-phenomenes-meteorologiques-extremes\/\" \/>\n<meta property=\"og:locale\" content=\"fr_FR\" \/>\n<meta property=\"og:type\" content=\"article\" \/>\n<meta property=\"og:title\" content=\"Pr\u00e9parez votre entreprise aux ph\u00e9nom\u00e8nes m\u00e9t\u00e9orologiques extr\u00eames\" \/>\n<meta property=\"og:url\" content=\"https:\/\/www.federated.ca\/fr\/blog\/prevention-des-risques\/preparez-votre-entreprise-aux-phenomenes-meteorologiques-extremes\/\" \/>\n<meta property=\"og:site_name\" content=\"La Federated, Compagnie d\u2019assurance du Canada\" \/>\n<meta property=\"article:publisher\" content=\"https:\/\/www.facebook.com\/FedInsCanada\/\" \/>\n<meta property=\"article:published_time\" content=\"2020-12-11T15:14:45+00:00\" \/>\n<meta property=\"article:modified_time\" content=\"2024-10-08T19:41:48+00:00\" \/>\n<meta property=\"og:image\" content=\"https:\/\/www.federated.ca\/wp-content\/uploads\/2020\/12\/Natural-catastrophes-Copy.png\" \/>\n\t<meta property=\"og:image:width\" content=\"700\" \/>\n\t<meta property=\"og:image:height\" content=\"300\" \/>\n\t<meta property=\"og:image:type\" content=\"image\/png\" \/>\n<meta name=\"author\" content=\"Federated Insurance\" \/>\n<meta name=\"twitter:label1\" content=\"\u00c9crit par\" \/>\n\t<meta name=\"twitter:data1\" content=\"Federated Insurance\" \/>\n\t<meta name=\"twitter:label2\" content=\"Dur\u00e9e de lecture estim\u00e9e\" \/>\n\t<meta name=\"twitter:data2\" content=\"10 minutes\" \/>\n<script type=\"application\/ld+json\" class=\"yoast-schema-graph\">{\"@context\":\"https:\\\/\\\/schema.org\",\"@graph\":[{\"@type\":\"Article\",\"@id\":\"https:\\\/\\\/www.federated.ca\\\/fr\\\/blog\\\/prevention-des-risques\\\/preparez-votre-entreprise-aux-phenomenes-meteorologiques-extremes\\\/#article\",\"isPartOf\":{\"@id\":\"https:\\\/\\\/www.federated.ca\\\/fr\\\/blog\\\/prevention-des-risques\\\/preparez-votre-entreprise-aux-phenomenes-meteorologiques-extremes\\\/\"},\"author\":{\"name\":\"Federated Insurance\",\"@id\":\"https:\\\/\\\/www.federated.ca\\\/fr\\\/#\\\/schema\\\/person\\\/8a6b27a0ebf2720eb0385ef10e028729\"},\"headline\":\"Pr\u00e9parez votre entreprise aux ph\u00e9nom\u00e8nes m\u00e9t\u00e9orologiques extr\u00eames\",\"datePublished\":\"2020-12-11T15:14:45+00:00\",\"dateModified\":\"2024-10-08T19:41:48+00:00\",\"mainEntityOfPage\":{\"@id\":\"https:\\\/\\\/www.federated.ca\\\/fr\\\/blog\\\/prevention-des-risques\\\/preparez-votre-entreprise-aux-phenomenes-meteorologiques-extremes\\\/\"},\"wordCount\":1981,\"publisher\":{\"@id\":\"https:\\\/\\\/www.federated.ca\\\/fr\\\/#organization\"},\"image\":{\"@id\":\"https:\\\/\\\/www.federated.ca\\\/fr\\\/blog\\\/prevention-des-risques\\\/preparez-votre-entreprise-aux-phenomenes-meteorologiques-extremes\\\/#primaryimage\"},\"thumbnailUrl\":\"https:\\\/\\\/www.federated.ca\\\/wp-content\\\/uploads\\\/2020\\\/12\\\/Natural-catastrophes-Copy.png\",\"articleSection\":[\"Pr\u00e9vention des risques\"],\"inLanguage\":\"fr-FR\"},{\"@type\":\"WebPage\",\"@id\":\"https:\\\/\\\/www.federated.ca\\\/fr\\\/blog\\\/prevention-des-risques\\\/preparez-votre-entreprise-aux-phenomenes-meteorologiques-extremes\\\/\",\"url\":\"https:\\\/\\\/www.federated.ca\\\/fr\\\/blog\\\/prevention-des-risques\\\/preparez-votre-entreprise-aux-phenomenes-meteorologiques-extremes\\\/\",\"name\":\"Pr\u00e9parez votre entreprise aux ph\u00e9nom\u00e8nes m\u00e9t\u00e9orologiques extr\u00eames\",\"isPartOf\":{\"@id\":\"https:\\\/\\\/www.federated.ca\\\/fr\\\/#website\"},\"primaryImageOfPage\":{\"@id\":\"https:\\\/\\\/www.federated.ca\\\/fr\\\/blog\\\/prevention-des-risques\\\/preparez-votre-entreprise-aux-phenomenes-meteorologiques-extremes\\\/#primaryimage\"},\"image\":{\"@id\":\"https:\\\/\\\/www.federated.ca\\\/fr\\\/blog\\\/prevention-des-risques\\\/preparez-votre-entreprise-aux-phenomenes-meteorologiques-extremes\\\/#primaryimage\"},\"thumbnailUrl\":\"https:\\\/\\\/www.federated.ca\\\/wp-content\\\/uploads\\\/2020\\\/12\\\/Natural-catastrophes-Copy.png\",\"datePublished\":\"2020-12-11T15:14:45+00:00\",\"dateModified\":\"2024-10-08T19:41:48+00:00\",\"description\":\"La fr\u00e9quence des ph\u00e9nom\u00e8nes m\u00e9t\u00e9orologiques extr\u00eames devrait augmenter dans les prochaines ann\u00e9es. Assurez-vous que votre entreprise est pr\u00eate \u00e0 affronter toute catastrophe naturelle.\",\"breadcrumb\":{\"@id\":\"https:\\\/\\\/www.federated.ca\\\/fr\\\/blog\\\/prevention-des-risques\\\/preparez-votre-entreprise-aux-phenomenes-meteorologiques-extremes\\\/#breadcrumb\"},\"inLanguage\":\"fr-FR\",\"potentialAction\":[{\"@type\":\"ReadAction\",\"target\":[\"https:\\\/\\\/www.federated.ca\\\/fr\\\/blog\\\/prevention-des-risques\\\/preparez-votre-entreprise-aux-phenomenes-meteorologiques-extremes\\\/\"]}]},{\"@type\":\"ImageObject\",\"inLanguage\":\"fr-FR\",\"@id\":\"https:\\\/\\\/www.federated.ca\\\/fr\\\/blog\\\/prevention-des-risques\\\/preparez-votre-entreprise-aux-phenomenes-meteorologiques-extremes\\\/#primaryimage\",\"url\":\"https:\\\/\\\/www.federated.ca\\\/wp-content\\\/uploads\\\/2020\\\/12\\\/Natural-catastrophes-Copy.png\",\"contentUrl\":\"https:\\\/\\\/www.federated.ca\\\/wp-content\\\/uploads\\\/2020\\\/12\\\/Natural-catastrophes-Copy.png\",\"width\":700,\"height\":300,\"caption\":\"Motel en cendres apr\u00e8s un feu de for\u00eat\"},{\"@type\":\"BreadcrumbList\",\"@id\":\"https:\\\/\\\/www.federated.ca\\\/fr\\\/blog\\\/prevention-des-risques\\\/preparez-votre-entreprise-aux-phenomenes-meteorologiques-extremes\\\/#breadcrumb\",\"itemListElement\":[{\"@type\":\"ListItem\",\"position\":1,\"name\":\"Home\",\"item\":\"https:\\\/\\\/www.federated.ca\\\/fr\\\/\"},{\"@type\":\"ListItem\",\"position\":2,\"name\":\"Pr\u00e9parez votre entreprise aux ph\u00e9nom\u00e8nes m\u00e9t\u00e9orologiques extr\u00eames\"}]},{\"@type\":\"WebSite\",\"@id\":\"https:\\\/\\\/www.federated.ca\\\/fr\\\/#website\",\"url\":\"https:\\\/\\\/www.federated.ca\\\/fr\\\/\",\"name\":\"Federated Insurance Company of Canada\",\"description\":\"La s\u00e9curit\u00e9 de votre entreprise en t\u00eate\",\"publisher\":{\"@id\":\"https:\\\/\\\/www.federated.ca\\\/fr\\\/#organization\"},\"potentialAction\":[{\"@type\":\"SearchAction\",\"target\":{\"@type\":\"EntryPoint\",\"urlTemplate\":\"https:\\\/\\\/www.federated.ca\\\/fr\\\/?s={search_term_string}\"},\"query-input\":{\"@type\":\"PropertyValueSpecification\",\"valueRequired\":true,\"valueName\":\"search_term_string\"}}],\"inLanguage\":\"fr-FR\"},{\"@type\":\"Organization\",\"@id\":\"https:\\\/\\\/www.federated.ca\\\/fr\\\/#organization\",\"name\":\"Les assurances Federated\",\"url\":\"https:\\\/\\\/www.federated.ca\\\/fr\\\/\",\"logo\":{\"@type\":\"ImageObject\",\"inLanguage\":\"fr-FR\",\"@id\":\"https:\\\/\\\/www.federated.ca\\\/fr\\\/#\\\/schema\\\/logo\\\/image\\\/\",\"url\":\"https:\\\/\\\/www.federated.ca\\\/wp-content\\\/uploads\\\/2015\\\/03\\\/FED_ENG_NOtag_shiftnav_210x52.png\",\"contentUrl\":\"https:\\\/\\\/www.federated.ca\\\/wp-content\\\/uploads\\\/2015\\\/03\\\/FED_ENG_NOtag_shiftnav_210x52.png\",\"width\":210,\"height\":52,\"caption\":\"Les assurances Federated\"},\"image\":{\"@id\":\"https:\\\/\\\/www.federated.ca\\\/fr\\\/#\\\/schema\\\/logo\\\/image\\\/\"},\"sameAs\":[\"https:\\\/\\\/www.facebook.com\\\/FedInsCanada\\\/\",\"https:\\\/\\\/www.instagram.com\\\/federatedinsuranceca\\\/\",\"https:\\\/\\\/www.linkedin.com\\\/authwall?trk=ripf&amp;amp;amp;trkInfo=AQExgtg9_9rmAQAAAVx-tQL4XBOielaWooxEaw4kQGfXIqAVlPw7IbVWBdg-4ezDWDNXO2cp0GXtaWrXpPlk3S8ZhjlEcvoxf5Jti8CypWckNTc3e85aDADZtFHeDNEVc5LgQ80=&amp;amp;amp;originalReferer=http:\\\/\\\/avada.federated.ca\\\/business-insurance\\\/automotive-dealers-insurance\\\/&amp;amp;amp;sessionRedirect=https:\\\/\\\/www.linkedin.com\\\/company\\\/federated-insurance\",\"https:\\\/\\\/www.youtube.com\\\/channel\\\/UC2TYZAr9C3puo4Tvg9Q151Q\"],\"description\":\"With Federated Insurance, you work directly with an industry expert who is committed to understanding the unique risks and opportunities associated with your business. With a dedicated agent and risk management team on your side, you will always get the right coverage for your company and can focus on what matters most. Trust. Advise. Protect.\",\"email\":\"info@federated.ca\",\"telephone\":\"1.844.628.6800\",\"legalName\":\"Federated Insurance\"},{\"@type\":\"Person\",\"@id\":\"https:\\\/\\\/www.federated.ca\\\/fr\\\/#\\\/schema\\\/person\\\/8a6b27a0ebf2720eb0385ef10e028729\",\"name\":\"Federated Insurance\"}]}<\/script>\n<!-- \/ Yoast SEO Premium plugin. -->","yoast_head_json":{"title":"Pr\u00e9parez votre entreprise aux ph\u00e9nom\u00e8nes m\u00e9t\u00e9orologiques extr\u00eames","description":"La fr\u00e9quence des ph\u00e9nom\u00e8nes m\u00e9t\u00e9orologiques extr\u00eames devrait augmenter dans les prochaines ann\u00e9es. Assurez-vous que votre entreprise est pr\u00eate \u00e0 affronter toute catastrophe naturelle.","robots":{"index":"index","follow":"follow","max-snippet":"max-snippet:-1","max-image-preview":"max-image-preview:large","max-video-preview":"max-video-preview:-1"},"canonical":"https:\/\/www.federated.ca\/fr\/blog\/prevention-des-risques\/preparez-votre-entreprise-aux-phenomenes-meteorologiques-extremes\/","og_locale":"fr_FR","og_type":"article","og_title":"Pr\u00e9parez votre entreprise aux ph\u00e9nom\u00e8nes m\u00e9t\u00e9orologiques extr\u00eames","og_url":"https:\/\/www.federated.ca\/fr\/blog\/prevention-des-risques\/preparez-votre-entreprise-aux-phenomenes-meteorologiques-extremes\/","og_site_name":"La Federated, Compagnie d\u2019assurance du Canada","article_publisher":"https:\/\/www.facebook.com\/FedInsCanada\/","article_published_time":"2020-12-11T15:14:45+00:00","article_modified_time":"2024-10-08T19:41:48+00:00","og_image":[{"width":700,"height":300,"url":"https:\/\/www.federated.ca\/wp-content\/uploads\/2020\/12\/Natural-catastrophes-Copy.png","type":"image\/png"}],"author":"Federated Insurance","twitter_misc":{"\u00c9crit par":"Federated Insurance","Dur\u00e9e de lecture estim\u00e9e":"10 minutes"},"schema":{"@context":"https:\/\/schema.org","@graph":[{"@type":"Article","@id":"https:\/\/www.federated.ca\/fr\/blog\/prevention-des-risques\/preparez-votre-entreprise-aux-phenomenes-meteorologiques-extremes\/#article","isPartOf":{"@id":"https:\/\/www.federated.ca\/fr\/blog\/prevention-des-risques\/preparez-votre-entreprise-aux-phenomenes-meteorologiques-extremes\/"},"author":{"name":"Federated Insurance","@id":"https:\/\/www.federated.ca\/fr\/#\/schema\/person\/8a6b27a0ebf2720eb0385ef10e028729"},"headline":"Pr\u00e9parez votre entreprise aux ph\u00e9nom\u00e8nes m\u00e9t\u00e9orologiques extr\u00eames","datePublished":"2020-12-11T15:14:45+00:00","dateModified":"2024-10-08T19:41:48+00:00","mainEntityOfPage":{"@id":"https:\/\/www.federated.ca\/fr\/blog\/prevention-des-risques\/preparez-votre-entreprise-aux-phenomenes-meteorologiques-extremes\/"},"wordCount":1981,"publisher":{"@id":"https:\/\/www.federated.ca\/fr\/#organization"},"image":{"@id":"https:\/\/www.federated.ca\/fr\/blog\/prevention-des-risques\/preparez-votre-entreprise-aux-phenomenes-meteorologiques-extremes\/#primaryimage"},"thumbnailUrl":"https:\/\/www.federated.ca\/wp-content\/uploads\/2020\/12\/Natural-catastrophes-Copy.png","articleSection":["Pr\u00e9vention des risques"],"inLanguage":"fr-FR"},{"@type":"WebPage","@id":"https:\/\/www.federated.ca\/fr\/blog\/prevention-des-risques\/preparez-votre-entreprise-aux-phenomenes-meteorologiques-extremes\/","url":"https:\/\/www.federated.ca\/fr\/blog\/prevention-des-risques\/preparez-votre-entreprise-aux-phenomenes-meteorologiques-extremes\/","name":"Pr\u00e9parez votre entreprise aux ph\u00e9nom\u00e8nes m\u00e9t\u00e9orologiques extr\u00eames","isPartOf":{"@id":"https:\/\/www.federated.ca\/fr\/#website"},"primaryImageOfPage":{"@id":"https:\/\/www.federated.ca\/fr\/blog\/prevention-des-risques\/preparez-votre-entreprise-aux-phenomenes-meteorologiques-extremes\/#primaryimage"},"image":{"@id":"https:\/\/www.federated.ca\/fr\/blog\/prevention-des-risques\/preparez-votre-entreprise-aux-phenomenes-meteorologiques-extremes\/#primaryimage"},"thumbnailUrl":"https:\/\/www.federated.ca\/wp-content\/uploads\/2020\/12\/Natural-catastrophes-Copy.png","datePublished":"2020-12-11T15:14:45+00:00","dateModified":"2024-10-08T19:41:48+00:00","description":"La fr\u00e9quence des ph\u00e9nom\u00e8nes m\u00e9t\u00e9orologiques extr\u00eames devrait augmenter dans les prochaines ann\u00e9es. Assurez-vous que votre entreprise est pr\u00eate \u00e0 affronter toute catastrophe naturelle.","breadcrumb":{"@id":"https:\/\/www.federated.ca\/fr\/blog\/prevention-des-risques\/preparez-votre-entreprise-aux-phenomenes-meteorologiques-extremes\/#breadcrumb"},"inLanguage":"fr-FR","potentialAction":[{"@type":"ReadAction","target":["https:\/\/www.federated.ca\/fr\/blog\/prevention-des-risques\/preparez-votre-entreprise-aux-phenomenes-meteorologiques-extremes\/"]}]},{"@type":"ImageObject","inLanguage":"fr-FR","@id":"https:\/\/www.federated.ca\/fr\/blog\/prevention-des-risques\/preparez-votre-entreprise-aux-phenomenes-meteorologiques-extremes\/#primaryimage","url":"https:\/\/www.federated.ca\/wp-content\/uploads\/2020\/12\/Natural-catastrophes-Copy.png","contentUrl":"https:\/\/www.federated.ca\/wp-content\/uploads\/2020\/12\/Natural-catastrophes-Copy.png","width":700,"height":300,"caption":"Motel en cendres apr\u00e8s un feu de for\u00eat"},{"@type":"BreadcrumbList","@id":"https:\/\/www.federated.ca\/fr\/blog\/prevention-des-risques\/preparez-votre-entreprise-aux-phenomenes-meteorologiques-extremes\/#breadcrumb","itemListElement":[{"@type":"ListItem","position":1,"name":"Home","item":"https:\/\/www.federated.ca\/fr\/"},{"@type":"ListItem","position":2,"name":"Pr\u00e9parez votre entreprise aux ph\u00e9nom\u00e8nes m\u00e9t\u00e9orologiques extr\u00eames"}]},{"@type":"WebSite","@id":"https:\/\/www.federated.ca\/fr\/#website","url":"https:\/\/www.federated.ca\/fr\/","name":"Federated Insurance Company of Canada","description":"La s\u00e9curit\u00e9 de votre entreprise en t\u00eate","publisher":{"@id":"https:\/\/www.federated.ca\/fr\/#organization"},"potentialAction":[{"@type":"SearchAction","target":{"@type":"EntryPoint","urlTemplate":"https:\/\/www.federated.ca\/fr\/?s={search_term_string}"},"query-input":{"@type":"PropertyValueSpecification","valueRequired":true,"valueName":"search_term_string"}}],"inLanguage":"fr-FR"},{"@type":"Organization","@id":"https:\/\/www.federated.ca\/fr\/#organization","name":"Les assurances Federated","url":"https:\/\/www.federated.ca\/fr\/","logo":{"@type":"ImageObject","inLanguage":"fr-FR","@id":"https:\/\/www.federated.ca\/fr\/#\/schema\/logo\/image\/","url":"https:\/\/www.federated.ca\/wp-content\/uploads\/2015\/03\/FED_ENG_NOtag_shiftnav_210x52.png","contentUrl":"https:\/\/www.federated.ca\/wp-content\/uploads\/2015\/03\/FED_ENG_NOtag_shiftnav_210x52.png","width":210,"height":52,"caption":"Les assurances Federated"},"image":{"@id":"https:\/\/www.federated.ca\/fr\/#\/schema\/logo\/image\/"},"sameAs":["https:\/\/www.facebook.com\/FedInsCanada\/","https:\/\/www.instagram.com\/federatedinsuranceca\/","https:\/\/www.linkedin.com\/authwall?trk=ripf&amp;amp;amp;trkInfo=AQExgtg9_9rmAQAAAVx-tQL4XBOielaWooxEaw4kQGfXIqAVlPw7IbVWBdg-4ezDWDNXO2cp0GXtaWrXpPlk3S8ZhjlEcvoxf5Jti8CypWckNTc3e85aDADZtFHeDNEVc5LgQ80=&amp;amp;amp;originalReferer=http:\/\/avada.federated.ca\/business-insurance\/automotive-dealers-insurance\/&amp;amp;amp;sessionRedirect=https:\/\/www.linkedin.com\/company\/federated-insurance","https:\/\/www.youtube.com\/channel\/UC2TYZAr9C3puo4Tvg9Q151Q"],"description":"With Federated Insurance, you work directly with an industry expert who is committed to understanding the unique risks and opportunities associated with your business. With a dedicated agent and risk management team on your side, you will always get the right coverage for your company and can focus on what matters most. Trust. Advise. Protect.","email":"info@federated.ca","telephone":"1.844.628.6800","legalName":"Federated Insurance"},{"@type":"Person","@id":"https:\/\/www.federated.ca\/fr\/#\/schema\/person\/8a6b27a0ebf2720eb0385ef10e028729","name":"Federated Insurance"}]}},"_links":{"self":[{"href":"https:\/\/www.federated.ca\/fr\/wp-json\/wp\/v2\/posts\/33063","targetHints":{"allow":["GET"]}}],"collection":[{"href":"https:\/\/www.federated.ca\/fr\/wp-json\/wp\/v2\/posts"}],"about":[{"href":"https:\/\/www.federated.ca\/fr\/wp-json\/wp\/v2\/types\/post"}],"author":[{"embeddable":true,"href":"https:\/\/www.federated.ca\/fr\/wp-json\/wp\/v2\/users\/11"}],"replies":[{"embeddable":true,"href":"https:\/\/www.federated.ca\/fr\/wp-json\/wp\/v2\/comments?post=33063"}],"version-history":[{"count":0,"href":"https:\/\/www.federated.ca\/fr\/wp-json\/wp\/v2\/posts\/33063\/revisions"}],"wp:featuredmedia":[{"embeddable":true,"href":"https:\/\/www.federated.ca\/fr\/wp-json\/wp\/v2\/media\/33066"}],"wp:attachment":[{"href":"https:\/\/www.federated.ca\/fr\/wp-json\/wp\/v2\/media?parent=33063"}],"wp:term":[{"taxonomy":"category","embeddable":true,"href":"https:\/\/www.federated.ca\/fr\/wp-json\/wp\/v2\/categories?post=33063"},{"taxonomy":"post_tag","embeddable":true,"href":"https:\/\/www.federated.ca\/fr\/wp-json\/wp\/v2\/tags?post=33063"}],"curies":[{"name":"wp","href":"https:\/\/api.w.org\/{rel}","templated":true}]}}