{"id":41149,"date":"2024-06-21T15:59:45","date_gmt":"2024-06-21T19:59:45","guid":{"rendered":"https:\/\/www.federated.ca\/blog\/non-classifiee\/insurance-for-equipment-dealers\/"},"modified":"2025-10-31T15:02:57","modified_gmt":"2025-10-31T19:02:57","slug":"assurance-concessionnaires-equipement","status":"publish","type":"post","link":"https:\/\/www.federated.ca\/fr\/blog\/assurance\/assurance-concessionnaires-equipement\/","title":{"rendered":"Renforcez la protection de vos actifs avec l\u2019assurance pour concessionnaires d\u2019\u00e9quipement"},"content":{"rendered":"<div class=\"fusion-fullwidth fullwidth-box fusion-builder-row-1 fusion-flex-container nonhundred-percent-fullwidth non-hundred-percent-height-scrolling\" style=\"--awb-border-radius-top-left:0px;--awb-border-radius-top-right:0px;--awb-border-radius-bottom-right:0px;--awb-border-radius-bottom-left:0px;--awb-flex-wrap:wrap;\" ><div class=\"fusion-builder-row fusion-row fusion-flex-align-items-flex-start fusion-flex-content-wrap\" style=\"max-width:1404px;margin-left: calc(-4% \/ 2 );margin-right: calc(-4% \/ 2 );\"><div class=\"fusion-layout-column fusion_builder_column fusion-builder-column-0 fusion_builder_column_1_1 1_1 fusion-flex-column\" style=\"--awb-bg-size:cover;--awb-width-large:100%;--awb-margin-top-large:0px;--awb-spacing-right-large:1.92%;--awb-margin-bottom-large:0px;--awb-spacing-left-large:1.92%;--awb-width-medium:100%;--awb-spacing-right-medium:1.92%;--awb-spacing-left-medium:1.92%;--awb-width-small:100%;--awb-spacing-right-small:1.92%;--awb-spacing-left-small:1.92%;\"><div class=\"fusion-column-wrapper fusion-flex-justify-content-flex-start fusion-content-layout-column\"><div class=\"fusion-text fusion-text-1\"><p>Les concessionnaires d\u2019\u00e9quipement des secteurs commercial, industriel et agricole font face aux m\u00eames risques que n\u2019importe quelle autre entreprise. Cependant, ils sont \u00e9galement confront\u00e9s \u00e0 plusieurs risques propres \u00e0 leur secteur d\u2019activit\u00e9, ce qui signifie qu\u2019une solution universelle ne constitue pas n\u00e9cessairement la police d\u2019assurance la mieux adapt\u00e9e pour eux.<\/p>\n<p>\u00c0 quel type d\u2019entreprise l\u2019assurance pour concessionnaires d\u2019\u00e9quipement convient-elle? Si vous \u00eates sp\u00e9cialis\u00e9 dans la vente, la location ou le cr\u00e9dit-bail d\u2019\u00e9quipement ou de machinerie lourde, ou si vous assurez l\u2019entretien de v\u00e9hicules utilitaires, vous avez besoin d\u2019une police d\u2019assurance sur mesure pour que votre entreprise soit bien prot\u00e9g\u00e9e.<\/p>\n<p>En effet, que vous dirigiez une petite entreprise de vente au d\u00e9tail ou une grande concession d\u2019\u00e9quipement, cette assurance peut \u00eatre enti\u00e8rement adapt\u00e9e \u00e0 votre entreprise. Si, par exemple, vous vendez de la machinerie agricole, vos besoins en mati\u00e8re d\u2019assurance seront diff\u00e9rents de ceux d\u2019une entreprise qui stocke et distribue des pneus, ou d\u2019une entreprise qui loue de la machinerie lourde \u00e0 des entrepreneurs ou \u00e0 des entreprises de construction.<\/p>\n<h3>Quels sont les risques auxquels les concessionnaires d\u2019\u00e9quipement sont confront\u00e9s?<\/h3>\n<p>Comme toute autre entreprise, les concessionnaires d\u2019\u00e9quipement sont expos\u00e9s \u00e0 des risques de poursuites en responsabilit\u00e9 civile et de dommages mat\u00e9riels pouvant entra\u00eener des frais \u00e0 payer, l\u2019interruption de leurs activit\u00e9s ou m\u00eame une atteinte \u00e0 leur r\u00e9putation.<\/p>\n<p>C\u2019est pourquoi il est important de r\u00e9duire les risques, afin d\u2019\u00e9viter de devoir faire une demande d\u2019indemnisation. Pour ce faire, l\u2019application de pratiques d\u2019entretien de base est de mise, en particulier pour les concessionnaires d\u2019\u00e9quipement qui ont de gros stocks.<\/p>\n<p>Dans les ateliers et les entrep\u00f4ts, par exemple, il y a beaucoup de risques de chute, notamment en raison des surfaces in\u00e9gales, de la possible pr\u00e9sence d\u2019huile ou de graisse sur le sol, ou m\u00eame de tapis effiloch\u00e9s, et c\u2019est vous, en fin de compte, qui \u00eates responsable de la s\u00e9curit\u00e9 de toute personne se trouvant sur votre propri\u00e9t\u00e9, y compris les clients, les employ\u00e9s et les fournisseurs.<\/p>\n<p>De bonnes pratiques d\u2019entretien, comme le nettoyage rapide des d\u00e9g\u00e2ts, peuvent contribuer \u00e0 pr\u00e9venir les blessures et \u00e0 \u00e9viter des litiges co\u00fbteux. Pour \u00e9viter d\u2019\u00eatre tenu responsable, interdisez aux clients d\u2019entrer dans votre atelier ou votre entrep\u00f4t; s\u2019ils ont besoin d\u2019y acc\u00e9der, consid\u00e9rez la possibilit\u00e9 d\u2019exiger le port d\u2019\u00e9quipements de protection individuelle.<\/p>\n<p>Ces bonnes pratiques peuvent \u00e9galement contribuer \u00e0 pr\u00e9venir les incendies. Par exemple, les serviettes en papier, les chiffons et les torchons couverts d\u2019huile pr\u00e9sentent un risque d\u2019incendie et doivent \u00eatre jet\u00e9s dans des conteneurs m\u00e9talliques munis de couvercles herm\u00e9tiques \u00e0 fermeture automatique. Les huiles us\u00e9es et autres d\u00e9chets combustibles doivent \u00eatre conserv\u00e9s \u00e0 l\u2019ext\u00e9rieur du b\u00e2timent, dans des conteneurs install\u00e9s loin des murs ext\u00e9rieurs.<\/p>\n<p>Pour ce qui est de la cour, l\u2019id\u00e9al est de la cl\u00f4turer et d\u2019en verrouiller l\u2019acc\u00e8s avec un cadenas de qualit\u00e9 professionnelle, ainsi que d\u2019y installer un syst\u00e8me de s\u00e9curit\u00e9 avec des cam\u00e9ras. Ces mesures peuvent effectivement avoir un effet dissuasif sur des malfaiteurs qui auraient l\u2019intention de commettre un vol, d\u2019allumer un incendie ou de vandaliser les lieux. Si toutefois les activit\u00e9s de votre entreprise sont malgr\u00e9 tout interrompues en raison d\u2019un vol, d\u2019un incendie criminel ou d\u2019un acte de vandalisme, l\u2019assurance des pertes d\u2019exploitation peut vous aider \u00e0 prot\u00e9ger votre entreprise contre la perte de revenus entra\u00een\u00e9e.<\/p>\n<p>De nombreux concessionnaires d\u2019\u00e9quipement doivent \u00e9galement faire face aux risques li\u00e9s \u00e0 l\u2019utilisation de syst\u00e8mes \u00e9lectriques et de chauffage. Si votre b\u00e2timent a \u00e9t\u00e9 reconverti ou si votre syst\u00e8me \u00e9lectrique a \u00e9t\u00e9 modifi\u00e9 au fil des ans, vous remarquerez peut-\u00eatre un flux de courant in\u00e9gal, un c\u00e2blage fragile ou des disjoncteurs grill\u00e9s, ce qui peut \u00eatre indicateur de probl\u00e8mes \u00e9lectriques et \u00e9ventuellement conduire \u00e0 un incendie \u00e9lectrique. Si c\u2019est le cas pour votre syst\u00e8me, l\u2019imagerie thermique peut faciliter la d\u00e9tection des probl\u00e8mes qui s\u2019y trouvent.<\/p>\n<p>Les batteries, les \u00e9quipements et les v\u00e9hicules peuvent \u00e9galement subir des courts-circuits. Les syst\u00e8mes de chauffage, de ventilation et de climatisation (CVCA), ainsi que les \u00e9quipements sp\u00e9cialis\u00e9s comme les compresseurs d\u2019air, peuvent d\u00e9clencher un incendie s\u2019ils ne sont pas correctement entretenus.<\/p>\n<h3>De quel type d\u2019assurance les concessionnaires d\u2019\u00e9quipement ont-ils besoin?<\/h3>\n<p>M\u00eame si vous prenez toutes les pr\u00e9cautions n\u00e9cessaires, il arrive que les choses tournent mal. C\u2019est \u00e0 ce moment que l\u2019assurance entre en jeu. Sans elle, vous risquez de devoir payer de votre poche les frais de r\u00e9paration ou de remplacement, les poursuites on\u00e9reuses, les amendes ou les frais de r\u00e8glement.<\/p>\n<p>Outre la couverture de la responsabilit\u00e9 civile et des dommages aux biens, l\u2019assurance des concessionnaires d\u2019\u00e9quipement peut comprendre des garanties sp\u00e9cialis\u00e9es comme une garantie globale visant l\u2019ensemble des biens meubles de votre entreprise, qu\u2019il se trouve dans vos locaux ou \u00e0 l\u2019ext\u00e9rieur. Par ailleurs, que vous ayez un ou plusieurs v\u00e9hicules d\u2019entreprise, une police d\u2019assurance automobile des entreprises peut vous aider \u00e0 vous prot\u00e9ger, ainsi que vos employ\u00e9s et tout autre passager.<\/p>\n<p>D\u2019autres solutions sp\u00e9cialis\u00e9es sont \u00e9galement offertes\u00a0:<\/p>\n<ul>\n<li><strong>Stocks financ\u00e9s du fabricant : <\/strong>Aide \u00e0 prot\u00e9ger vos stocks financ\u00e9s et couvre la valeur des am\u00e9liorations (pi\u00e8ces ou accessoires suppl\u00e9mentaires) que vous apportez \u00e0 ceux-ci.<\/li>\n<li><strong>Travaux des m\u00e9caniciens : <\/strong>Offre des protections li\u00e9es \u00e0 l\u2019installation, \u00e0 la main-d\u2019\u0153uvre et aux erreurs et omissions des concessionnaires, ainsi qu\u2019aux corrections li\u00e9es \u00e0 des erreurs d\u2019installation d\u2019une pi\u00e8ce d\u00e9fectueuse ou d\u2019une malfa\u00e7on sur le v\u00e9hicule d\u2019un client.<\/li>\n<li><strong>Ventes d\u2019\u00e9quipement neuf : <\/strong>Aide \u00e0 couvrir les r\u00e9clamations qui vous sont pr\u00e9sent\u00e9es ou les poursuites intent\u00e9es contre vous par un client insatisfait de l\u2019\u00e9quipement qu\u2019il a achet\u00e9 aupr\u00e8s de votre entreprise.<\/li>\n<li><strong>\u00c9quipement et outils : <\/strong>Aide \u00e0 couvrir les frais de location d\u2019\u00e9quipement ordinaire et informatique si le v\u00f4tre est endommag\u00e9.<\/li>\n<li><strong>Responsabilit\u00e9 en cas de pollution : <\/strong>Con\u00e7ue pour vous aider \u00e0 prot\u00e9ger votre entreprise contre des d\u00e9penses co\u00fbteuses d\u00e9coulant de dommages caus\u00e9s \u00e0 l\u2019environnement.<\/li>\n<\/ul>\n<h3>Contribuez \u00e0 prot\u00e9ger votre entreprise en vous procurant une assurance des concessionnaires d\u2019\u00e9quipement<\/h3>\n<p>Malheureusement, vous ne pouvez pas toujours contr\u00f4ler le sort de votre entreprise. Vous pouvez toutefois contr\u00f4ler votre \u00e9tat de pr\u00e9paration. Et souscrire la bonne assurance peut changer consid\u00e9rablement la donne. Pour en savoir plus, visitez notre page sur l\u2019<a href=\"https:\/\/www.federated.ca\/fr\/assurance-des-entreprises\/concessionnaires-dequipement-une-assurance\/\">assurance des concessionnaires d\u2019\u00e9quipement<\/a> d\u00e8s aujourd\u2019hui!<\/p>\n<p><em>Le pr\u00e9sent billet de blogue est fourni uniquement \u00e0 titre informatif et ne vise pas \u00e0 remplacer les conseils de professionnels.<\/em><em> Nous ne faisons aucune assertion et n\u2019offrons aucune garantie relativement \u00e0 l\u2019exactitude ou \u00e0 l\u2019int\u00e9gralit\u00e9 des renseignements pr\u00e9sent\u00e9s. Nous ne pourrons en aucun cas \u00eatre tenus responsables des pertes pouvant d\u00e9couler de leur utilisation. Consultez votre contrat d\u2019assurance pour conna\u00eetre les conditions et les exclusions qui s\u2019appliquent. <\/em><\/p>\n<\/div><\/div><\/div><\/div><\/div>\n","protected":false},"excerpt":{"rendered":"","protected":false},"author":33,"featured_media":41147,"comment_status":"closed","ping_status":"closed","sticky":false,"template":"","format":"standard","meta":{"_acf_changed":false,"footnotes":""},"categories":[815],"tags":[11996,11991,12011,12012,574,481,11987,11992],"class_list":["post-41149","post","type-post","status-publish","format-standard","has-post-thumbnail","hentry","category-assurance","tag-commercial-insurance","tag-equipment","tag-equipment-breakdown-insurance","tag-equipment-dealer-insurance","tag-gestion-des-risques","tag-prevention-des-risques","tag-property-insurance","tag-workplace-safety"],"acf":[],"yoast_head":"<!-- This site is optimized with the Yoast SEO Premium plugin v27.4 (Yoast SEO v27.5) - https:\/\/yoast.com\/product\/yoast-seo-premium-wordpress\/ -->\n<title>L\u2019assurance pour concessionnaires d\u2019\u00e9quipement et vous \u2013 Federated<\/title>\n<meta name=\"description\" content=\"Vous \u00eates propri\u00e9taire d\u2019une entreprise et vous voulez vous prot\u00e9ger et prot\u00e9ger vos actifs? L\u2019assurance pour concessionnaires d\u2019\u00e9quipement peut vous aider.\" \/>\n<meta name=\"robots\" content=\"index, follow, max-snippet:-1, max-image-preview:large, max-video-preview:-1\" \/>\n<link rel=\"canonical\" href=\"https:\/\/www.federated.ca\/fr\/blog\/assurance\/assurance-concessionnaires-equipement\/\" \/>\n<meta property=\"og:locale\" content=\"fr_FR\" \/>\n<meta property=\"og:type\" content=\"article\" \/>\n<meta property=\"og:title\" content=\"Renforcez la protection de vos actifs avec l\u2019assurance pour concessionnaires d\u2019\u00e9quipement\" \/>\n<meta property=\"og:url\" content=\"https:\/\/www.federated.ca\/fr\/blog\/assurance\/assurance-concessionnaires-equipement\/\" \/>\n<meta property=\"og:site_name\" content=\"La Federated, Compagnie d\u2019assurance du Canada\" \/>\n<meta property=\"article:publisher\" content=\"https:\/\/www.facebook.com\/FedInsCanada\/\" \/>\n<meta property=\"article:published_time\" content=\"2024-06-21T19:59:45+00:00\" \/>\n<meta property=\"article:modified_time\" content=\"2025-10-31T19:02:57+00:00\" \/>\n<meta property=\"og:image\" content=\"https:\/\/www.federated.ca\/wp-content\/uploads\/fed-equipment-dealer-1030x441.png\" \/>\n\t<meta property=\"og:image:width\" content=\"1030\" \/>\n\t<meta property=\"og:image:height\" content=\"441\" \/>\n\t<meta property=\"og:image:type\" content=\"image\/png\" \/>\n<meta name=\"author\" content=\"Elizabeth Tela\" \/>\n<meta name=\"twitter:label1\" content=\"\u00c9crit par\" \/>\n\t<meta name=\"twitter:data1\" content=\"Elizabeth Tela\" \/>\n\t<meta name=\"twitter:label2\" content=\"Dur\u00e9e de lecture estim\u00e9e\" \/>\n\t<meta name=\"twitter:data2\" content=\"5 minutes\" \/>\n<script type=\"application\/ld+json\" class=\"yoast-schema-graph\">{\"@context\":\"https:\\\/\\\/schema.org\",\"@graph\":[{\"@type\":\"Article\",\"@id\":\"https:\\\/\\\/www.federated.ca\\\/fr\\\/blog\\\/assurance\\\/assurance-concessionnaires-equipement\\\/#article\",\"isPartOf\":{\"@id\":\"https:\\\/\\\/www.federated.ca\\\/fr\\\/blog\\\/assurance\\\/assurance-concessionnaires-equipement\\\/\"},\"author\":{\"name\":\"Elizabeth Tela\",\"@id\":\"https:\\\/\\\/www.federated.ca\\\/fr\\\/#\\\/schema\\\/person\\\/d1b1ec52fb6bf9e27c526ee5c665e807\"},\"headline\":\"Renforcez la protection de vos actifs avec l\u2019assurance pour concessionnaires d\u2019\u00e9quipement\",\"datePublished\":\"2024-06-21T19:59:45+00:00\",\"dateModified\":\"2025-10-31T19:02:57+00:00\",\"mainEntityOfPage\":{\"@id\":\"https:\\\/\\\/www.federated.ca\\\/fr\\\/blog\\\/assurance\\\/assurance-concessionnaires-equipement\\\/\"},\"wordCount\":1430,\"publisher\":{\"@id\":\"https:\\\/\\\/www.federated.ca\\\/fr\\\/#organization\"},\"image\":{\"@id\":\"https:\\\/\\\/www.federated.ca\\\/fr\\\/blog\\\/assurance\\\/assurance-concessionnaires-equipement\\\/#primaryimage\"},\"thumbnailUrl\":\"https:\\\/\\\/www.federated.ca\\\/wp-content\\\/uploads\\\/fed-equipment-dealer.png\",\"keywords\":[\"commercial insurance\",\"equipment\",\"equipment breakdown insurance\",\"equipment dealer insurance\",\"Gestion des risques\",\"pr\u00e9vention des risques\",\"property insurance\",\"workplace safety\"],\"articleSection\":[\"Assurance\"],\"inLanguage\":\"fr-FR\"},{\"@type\":\"WebPage\",\"@id\":\"https:\\\/\\\/www.federated.ca\\\/fr\\\/blog\\\/assurance\\\/assurance-concessionnaires-equipement\\\/\",\"url\":\"https:\\\/\\\/www.federated.ca\\\/fr\\\/blog\\\/assurance\\\/assurance-concessionnaires-equipement\\\/\",\"name\":\"L\u2019assurance pour concessionnaires d\u2019\u00e9quipement et vous \u2013 Federated\",\"isPartOf\":{\"@id\":\"https:\\\/\\\/www.federated.ca\\\/fr\\\/#website\"},\"primaryImageOfPage\":{\"@id\":\"https:\\\/\\\/www.federated.ca\\\/fr\\\/blog\\\/assurance\\\/assurance-concessionnaires-equipement\\\/#primaryimage\"},\"image\":{\"@id\":\"https:\\\/\\\/www.federated.ca\\\/fr\\\/blog\\\/assurance\\\/assurance-concessionnaires-equipement\\\/#primaryimage\"},\"thumbnailUrl\":\"https:\\\/\\\/www.federated.ca\\\/wp-content\\\/uploads\\\/fed-equipment-dealer.png\",\"datePublished\":\"2024-06-21T19:59:45+00:00\",\"dateModified\":\"2025-10-31T19:02:57+00:00\",\"description\":\"Vous \u00eates propri\u00e9taire d\u2019une entreprise et vous voulez vous prot\u00e9ger et prot\u00e9ger vos actifs? L\u2019assurance pour concessionnaires d\u2019\u00e9quipement peut vous aider.\",\"breadcrumb\":{\"@id\":\"https:\\\/\\\/www.federated.ca\\\/fr\\\/blog\\\/assurance\\\/assurance-concessionnaires-equipement\\\/#breadcrumb\"},\"inLanguage\":\"fr-FR\",\"potentialAction\":[{\"@type\":\"ReadAction\",\"target\":[\"https:\\\/\\\/www.federated.ca\\\/fr\\\/blog\\\/assurance\\\/assurance-concessionnaires-equipement\\\/\"]}]},{\"@type\":\"ImageObject\",\"inLanguage\":\"fr-FR\",\"@id\":\"https:\\\/\\\/www.federated.ca\\\/fr\\\/blog\\\/assurance\\\/assurance-concessionnaires-equipement\\\/#primaryimage\",\"url\":\"https:\\\/\\\/www.federated.ca\\\/wp-content\\\/uploads\\\/fed-equipment-dealer.png\",\"contentUrl\":\"https:\\\/\\\/www.federated.ca\\\/wp-content\\\/uploads\\\/fed-equipment-dealer.png\",\"width\":8192,\"height\":3506},{\"@type\":\"BreadcrumbList\",\"@id\":\"https:\\\/\\\/www.federated.ca\\\/fr\\\/blog\\\/assurance\\\/assurance-concessionnaires-equipement\\\/#breadcrumb\",\"itemListElement\":[{\"@type\":\"ListItem\",\"position\":1,\"name\":\"Home\",\"item\":\"https:\\\/\\\/www.federated.ca\\\/fr\\\/\"},{\"@type\":\"ListItem\",\"position\":2,\"name\":\"Renforcez la protection de vos actifs avec l\u2019assurance pour concessionnaires d\u2019\u00e9quipement\"}]},{\"@type\":\"WebSite\",\"@id\":\"https:\\\/\\\/www.federated.ca\\\/fr\\\/#website\",\"url\":\"https:\\\/\\\/www.federated.ca\\\/fr\\\/\",\"name\":\"Federated Insurance Company of Canada\",\"description\":\"La s\u00e9curit\u00e9 de votre entreprise en t\u00eate\",\"publisher\":{\"@id\":\"https:\\\/\\\/www.federated.ca\\\/fr\\\/#organization\"},\"potentialAction\":[{\"@type\":\"SearchAction\",\"target\":{\"@type\":\"EntryPoint\",\"urlTemplate\":\"https:\\\/\\\/www.federated.ca\\\/fr\\\/?s={search_term_string}\"},\"query-input\":{\"@type\":\"PropertyValueSpecification\",\"valueRequired\":true,\"valueName\":\"search_term_string\"}}],\"inLanguage\":\"fr-FR\"},{\"@type\":\"Organization\",\"@id\":\"https:\\\/\\\/www.federated.ca\\\/fr\\\/#organization\",\"name\":\"Les assurances Federated\",\"url\":\"https:\\\/\\\/www.federated.ca\\\/fr\\\/\",\"logo\":{\"@type\":\"ImageObject\",\"inLanguage\":\"fr-FR\",\"@id\":\"https:\\\/\\\/www.federated.ca\\\/fr\\\/#\\\/schema\\\/logo\\\/image\\\/\",\"url\":\"https:\\\/\\\/www.federated.ca\\\/wp-content\\\/uploads\\\/2015\\\/03\\\/FED_ENG_NOtag_shiftnav_210x52.png\",\"contentUrl\":\"https:\\\/\\\/www.federated.ca\\\/wp-content\\\/uploads\\\/2015\\\/03\\\/FED_ENG_NOtag_shiftnav_210x52.png\",\"width\":210,\"height\":52,\"caption\":\"Les assurances Federated\"},\"image\":{\"@id\":\"https:\\\/\\\/www.federated.ca\\\/fr\\\/#\\\/schema\\\/logo\\\/image\\\/\"},\"sameAs\":[\"https:\\\/\\\/www.facebook.com\\\/FedInsCanada\\\/\",\"https:\\\/\\\/www.instagram.com\\\/federatedinsuranceca\\\/\",\"https:\\\/\\\/www.linkedin.com\\\/authwall?trk=ripf&amp;amp;amp;trkInfo=AQExgtg9_9rmAQAAAVx-tQL4XBOielaWooxEaw4kQGfXIqAVlPw7IbVWBdg-4ezDWDNXO2cp0GXtaWrXpPlk3S8ZhjlEcvoxf5Jti8CypWckNTc3e85aDADZtFHeDNEVc5LgQ80=&amp;amp;amp;originalReferer=http:\\\/\\\/avada.federated.ca\\\/business-insurance\\\/automotive-dealers-insurance\\\/&amp;amp;amp;sessionRedirect=https:\\\/\\\/www.linkedin.com\\\/company\\\/federated-insurance\",\"https:\\\/\\\/www.youtube.com\\\/channel\\\/UC2TYZAr9C3puo4Tvg9Q151Q\"],\"description\":\"With Federated Insurance, you work directly with an industry expert who is committed to understanding the unique risks and opportunities associated with your business. With a dedicated agent and risk management team on your side, you will always get the right coverage for your company and can focus on what matters most. Trust. Advise. Protect.\",\"email\":\"info@federated.ca\",\"telephone\":\"1.844.628.6800\",\"legalName\":\"Federated Insurance\"},{\"@type\":\"Person\",\"@id\":\"https:\\\/\\\/www.federated.ca\\\/fr\\\/#\\\/schema\\\/person\\\/d1b1ec52fb6bf9e27c526ee5c665e807\",\"name\":\"Elizabeth Tela\"}]}<\/script>\n<!-- \/ Yoast SEO Premium plugin. -->","yoast_head_json":{"title":"L\u2019assurance pour concessionnaires d\u2019\u00e9quipement et vous \u2013 Federated","description":"Vous \u00eates propri\u00e9taire d\u2019une entreprise et vous voulez vous prot\u00e9ger et prot\u00e9ger vos actifs? L\u2019assurance pour concessionnaires d\u2019\u00e9quipement peut vous aider.","robots":{"index":"index","follow":"follow","max-snippet":"max-snippet:-1","max-image-preview":"max-image-preview:large","max-video-preview":"max-video-preview:-1"},"canonical":"https:\/\/www.federated.ca\/fr\/blog\/assurance\/assurance-concessionnaires-equipement\/","og_locale":"fr_FR","og_type":"article","og_title":"Renforcez la protection de vos actifs avec l\u2019assurance pour concessionnaires d\u2019\u00e9quipement","og_url":"https:\/\/www.federated.ca\/fr\/blog\/assurance\/assurance-concessionnaires-equipement\/","og_site_name":"La Federated, Compagnie d\u2019assurance du Canada","article_publisher":"https:\/\/www.facebook.com\/FedInsCanada\/","article_published_time":"2024-06-21T19:59:45+00:00","article_modified_time":"2025-10-31T19:02:57+00:00","og_image":[{"width":1030,"height":441,"url":"https:\/\/www.federated.ca\/wp-content\/uploads\/fed-equipment-dealer-1030x441.png","type":"image\/png"}],"author":"Elizabeth Tela","twitter_misc":{"\u00c9crit par":"Elizabeth Tela","Dur\u00e9e de lecture estim\u00e9e":"5 minutes"},"schema":{"@context":"https:\/\/schema.org","@graph":[{"@type":"Article","@id":"https:\/\/www.federated.ca\/fr\/blog\/assurance\/assurance-concessionnaires-equipement\/#article","isPartOf":{"@id":"https:\/\/www.federated.ca\/fr\/blog\/assurance\/assurance-concessionnaires-equipement\/"},"author":{"name":"Elizabeth Tela","@id":"https:\/\/www.federated.ca\/fr\/#\/schema\/person\/d1b1ec52fb6bf9e27c526ee5c665e807"},"headline":"Renforcez la protection de vos actifs avec l\u2019assurance pour concessionnaires d\u2019\u00e9quipement","datePublished":"2024-06-21T19:59:45+00:00","dateModified":"2025-10-31T19:02:57+00:00","mainEntityOfPage":{"@id":"https:\/\/www.federated.ca\/fr\/blog\/assurance\/assurance-concessionnaires-equipement\/"},"wordCount":1430,"publisher":{"@id":"https:\/\/www.federated.ca\/fr\/#organization"},"image":{"@id":"https:\/\/www.federated.ca\/fr\/blog\/assurance\/assurance-concessionnaires-equipement\/#primaryimage"},"thumbnailUrl":"https:\/\/www.federated.ca\/wp-content\/uploads\/fed-equipment-dealer.png","keywords":["commercial insurance","equipment","equipment breakdown insurance","equipment dealer insurance","Gestion des risques","pr\u00e9vention des risques","property insurance","workplace safety"],"articleSection":["Assurance"],"inLanguage":"fr-FR"},{"@type":"WebPage","@id":"https:\/\/www.federated.ca\/fr\/blog\/assurance\/assurance-concessionnaires-equipement\/","url":"https:\/\/www.federated.ca\/fr\/blog\/assurance\/assurance-concessionnaires-equipement\/","name":"L\u2019assurance pour concessionnaires d\u2019\u00e9quipement et vous \u2013 Federated","isPartOf":{"@id":"https:\/\/www.federated.ca\/fr\/#website"},"primaryImageOfPage":{"@id":"https:\/\/www.federated.ca\/fr\/blog\/assurance\/assurance-concessionnaires-equipement\/#primaryimage"},"image":{"@id":"https:\/\/www.federated.ca\/fr\/blog\/assurance\/assurance-concessionnaires-equipement\/#primaryimage"},"thumbnailUrl":"https:\/\/www.federated.ca\/wp-content\/uploads\/fed-equipment-dealer.png","datePublished":"2024-06-21T19:59:45+00:00","dateModified":"2025-10-31T19:02:57+00:00","description":"Vous \u00eates propri\u00e9taire d\u2019une entreprise et vous voulez vous prot\u00e9ger et prot\u00e9ger vos actifs? L\u2019assurance pour concessionnaires d\u2019\u00e9quipement peut vous aider.","breadcrumb":{"@id":"https:\/\/www.federated.ca\/fr\/blog\/assurance\/assurance-concessionnaires-equipement\/#breadcrumb"},"inLanguage":"fr-FR","potentialAction":[{"@type":"ReadAction","target":["https:\/\/www.federated.ca\/fr\/blog\/assurance\/assurance-concessionnaires-equipement\/"]}]},{"@type":"ImageObject","inLanguage":"fr-FR","@id":"https:\/\/www.federated.ca\/fr\/blog\/assurance\/assurance-concessionnaires-equipement\/#primaryimage","url":"https:\/\/www.federated.ca\/wp-content\/uploads\/fed-equipment-dealer.png","contentUrl":"https:\/\/www.federated.ca\/wp-content\/uploads\/fed-equipment-dealer.png","width":8192,"height":3506},{"@type":"BreadcrumbList","@id":"https:\/\/www.federated.ca\/fr\/blog\/assurance\/assurance-concessionnaires-equipement\/#breadcrumb","itemListElement":[{"@type":"ListItem","position":1,"name":"Home","item":"https:\/\/www.federated.ca\/fr\/"},{"@type":"ListItem","position":2,"name":"Renforcez la protection de vos actifs avec l\u2019assurance pour concessionnaires d\u2019\u00e9quipement"}]},{"@type":"WebSite","@id":"https:\/\/www.federated.ca\/fr\/#website","url":"https:\/\/www.federated.ca\/fr\/","name":"Federated Insurance Company of Canada","description":"La s\u00e9curit\u00e9 de votre entreprise en t\u00eate","publisher":{"@id":"https:\/\/www.federated.ca\/fr\/#organization"},"potentialAction":[{"@type":"SearchAction","target":{"@type":"EntryPoint","urlTemplate":"https:\/\/www.federated.ca\/fr\/?s={search_term_string}"},"query-input":{"@type":"PropertyValueSpecification","valueRequired":true,"valueName":"search_term_string"}}],"inLanguage":"fr-FR"},{"@type":"Organization","@id":"https:\/\/www.federated.ca\/fr\/#organization","name":"Les assurances Federated","url":"https:\/\/www.federated.ca\/fr\/","logo":{"@type":"ImageObject","inLanguage":"fr-FR","@id":"https:\/\/www.federated.ca\/fr\/#\/schema\/logo\/image\/","url":"https:\/\/www.federated.ca\/wp-content\/uploads\/2015\/03\/FED_ENG_NOtag_shiftnav_210x52.png","contentUrl":"https:\/\/www.federated.ca\/wp-content\/uploads\/2015\/03\/FED_ENG_NOtag_shiftnav_210x52.png","width":210,"height":52,"caption":"Les assurances Federated"},"image":{"@id":"https:\/\/www.federated.ca\/fr\/#\/schema\/logo\/image\/"},"sameAs":["https:\/\/www.facebook.com\/FedInsCanada\/","https:\/\/www.instagram.com\/federatedinsuranceca\/","https:\/\/www.linkedin.com\/authwall?trk=ripf&amp;amp;amp;trkInfo=AQExgtg9_9rmAQAAAVx-tQL4XBOielaWooxEaw4kQGfXIqAVlPw7IbVWBdg-4ezDWDNXO2cp0GXtaWrXpPlk3S8ZhjlEcvoxf5Jti8CypWckNTc3e85aDADZtFHeDNEVc5LgQ80=&amp;amp;amp;originalReferer=http:\/\/avada.federated.ca\/business-insurance\/automotive-dealers-insurance\/&amp;amp;amp;sessionRedirect=https:\/\/www.linkedin.com\/company\/federated-insurance","https:\/\/www.youtube.com\/channel\/UC2TYZAr9C3puo4Tvg9Q151Q"],"description":"With Federated Insurance, you work directly with an industry expert who is committed to understanding the unique risks and opportunities associated with your business. With a dedicated agent and risk management team on your side, you will always get the right coverage for your company and can focus on what matters most. Trust. Advise. Protect.","email":"info@federated.ca","telephone":"1.844.628.6800","legalName":"Federated Insurance"},{"@type":"Person","@id":"https:\/\/www.federated.ca\/fr\/#\/schema\/person\/d1b1ec52fb6bf9e27c526ee5c665e807","name":"Elizabeth Tela"}]}},"_links":{"self":[{"href":"https:\/\/www.federated.ca\/fr\/wp-json\/wp\/v2\/posts\/41149","targetHints":{"allow":["GET"]}}],"collection":[{"href":"https:\/\/www.federated.ca\/fr\/wp-json\/wp\/v2\/posts"}],"about":[{"href":"https:\/\/www.federated.ca\/fr\/wp-json\/wp\/v2\/types\/post"}],"author":[{"embeddable":true,"href":"https:\/\/www.federated.ca\/fr\/wp-json\/wp\/v2\/users\/33"}],"replies":[{"embeddable":true,"href":"https:\/\/www.federated.ca\/fr\/wp-json\/wp\/v2\/comments?post=41149"}],"version-history":[{"count":1,"href":"https:\/\/www.federated.ca\/fr\/wp-json\/wp\/v2\/posts\/41149\/revisions"}],"predecessor-version":[{"id":45508,"href":"https:\/\/www.federated.ca\/fr\/wp-json\/wp\/v2\/posts\/41149\/revisions\/45508"}],"wp:featuredmedia":[{"embeddable":true,"href":"https:\/\/www.federated.ca\/fr\/wp-json\/wp\/v2\/media\/41147"}],"wp:attachment":[{"href":"https:\/\/www.federated.ca\/fr\/wp-json\/wp\/v2\/media?parent=41149"}],"wp:term":[{"taxonomy":"category","embeddable":true,"href":"https:\/\/www.federated.ca\/fr\/wp-json\/wp\/v2\/categories?post=41149"},{"taxonomy":"post_tag","embeddable":true,"href":"https:\/\/www.federated.ca\/fr\/wp-json\/wp\/v2\/tags?post=41149"}],"curies":[{"name":"wp","href":"https:\/\/api.w.org\/{rel}","templated":true}]}}